{"id":4804,"date":"2026-04-29T06:04:04","date_gmt":"2026-04-29T09:04:04","guid":{"rendered":"https:\/\/vagas.portalemprego.com.br\/?p=4804"},"modified":"2026-04-29T06:04:04","modified_gmt":"2026-04-29T09:04:04","slug":"mensageiro-administracao-rio-de-janeiro-2","status":"publish","type":"post","link":"https:\/\/vagas.portalemprego.com.br\/?p=4804","title":{"rendered":"Mensageiro &#8211; Administra\u00e7\u00e3o &#8211; Rio de Janeiro"},"content":{"rendered":"<p>Estamos em busca de um Mensageiro para se juntar \u00e0 nossa equipe na Vigban! Este profissional ter\u00e1 um papel essencial no apoio \u00e0s rotinas operacionais, garantindo agilidade, organiza\u00e7\u00e3o e bom atendimento nas atividades di\u00e1rias.<br \/>\nLocal de trabalho: Barra da Tijuca<br \/>\n Escala: 12&#215;36 \u2013 diurno<br \/>\n Sal\u00e1rio: R$ 1.730,75<br \/>\n Benef\u00edcios: Vale-Refei\u00e7\u00e3o + Vale-Transporte \/ Vale-Alimenta\u00e7\u00e3o (R$ 25,00 por dia trabalhado)<br \/>\nResponsabilidades:<br \/>\n O profissional ser\u00e1 respons\u00e1vel pela coleta, entrega e distribui\u00e7\u00e3o de correspond\u00eancias, documentos e materiais entre setores, clientes e fornecedores, garantindo o cumprimento de prazos e a integridade dos itens transportados. Tamb\u00e9m atuar\u00e1 no apoio \u00e0s rotinas administrativas, auxiliando no controle de protocolos, registros de entregas e organiza\u00e7\u00e3o de demandas internas, sempre mantendo postura cordial e profissional no atendimento.<br \/>\nRequisitos:<br \/>\n Desej\u00e1vel experi\u00eancia anterior na fun\u00e7\u00e3o ou em atividades similares. \u00c9 fundamental ter organiza\u00e7\u00e3o, responsabilidade, boa comunica\u00e7\u00e3o, aten\u00e7\u00e3o aos detalhes e disponibilidade para atuar em escala de trabalho. Conhecimento da regi\u00e3o e facilidade de deslocamento ser\u00e3o considerados diferenciais.<br \/>\nA Vigban valoriza um ambiente de trabalho colaborativo, oferecendo treinamento, suporte operacional e oportunidades de crescimento profissional. Se voc\u00ea \u00e9 comprometido, \u00e1gil e busca fazer parte de uma empresa s\u00f3lida e reconhecida no segmento de servi\u00e7os, esta pode ser a oportunidade ideal.<br \/>\nJunte-se \u00e0 Vigban e contribua para a efici\u00eancia e qualidade de nossas opera\u00e7\u00f5es!<\/p>\n<ul>\n<li>N\u00famero de vagas: 2<\/li>\n<li>Local de trabalho: Rio de Janeiro, RJ<\/li>\n<li>Regime de contrata\u00e7\u00e3o de tipo: Efetivo \u2013 CLT<\/li>\n<li>Jornada: Per\u00edodo Integral<\/li>\n<li>\u00c1rea e especializa\u00e7\u00e3o profissional: Administra\u00e7\u00e3o &#8211; Mensageiros<\/li>\n<li>N\u00edvel hier\u00e1rquico: Auxiliar<\/li>\n<\/ul>\n<p>HABILIDADES<\/p>\n<ul>\n<li>Inform\u00e1tica<\/li>\n<li>Cordialidade<\/li>\n<li>Dinamismo<\/li>\n<li>Responsabilidade<\/li>\n<li>Aten\u00e7\u00e3o aos detalhes<\/li>\n<li>Proatividade<\/li>\n<\/ul>\n<p>Escolaridade M\u00ednima: Ensino M\u00e9dio (2\u00ba Grau)<\/p>\n<p>Forma\u00e7\u00e3o desejada:<\/p>\n<ul>\n<li>Ensino M\u00e9dio (2\u00ba Grau)<\/li>\n<\/ul>\n<ul>\n<li>Vale alimenta\u00e7\u00e3o ou refei\u00e7\u00e3o de R$25,00\/dia trabalhado<\/li>\n<li>Adicional noturno, no caso de oportunidade no turno da noite<\/li>\n<li>Vale transporte<\/li>\n<\/ul>\n<p>Sal\u00e1rio: 1730,75<\/p>\n","protected":false},"excerpt":{"rendered":"<p>Estamos em busca de um Mensageiro para se juntar \u00e0 nossa equipe na Vigban! Este profissional ter\u00e1 um papel essencial no apoio \u00e0s rotinas operacionais, garantindo agilidade, organiza\u00e7\u00e3o e bom atendimento nas atividades di\u00e1rias. Local de trabalho: Barra da Tijuca Escala: 12&#215;36 \u2013 diurno Sal\u00e1rio: R$ 1.730,75 Benef\u00edcios: Vale-Refei\u00e7\u00e3o + Vale-Transporte \/ Vale-Alimenta\u00e7\u00e3o (R$ 25,00 [&hellip;]<\/p>\n","protected":false},"author":1,"featured_media":0,"comment_status":"open","ping_status":"open","sticky":false,"template":"","format":"standard","meta":{"footnotes":""},"categories":[21],"tags":[],"class_list":["post-4804","post","type-post","status-publish","format-standard","hentry","category-rio-de-janeiro-rj"],"_links":{"self":[{"href":"https:\/\/vagas.portalemprego.com.br\/index.php?rest_route=\/wp\/v2\/posts\/4804","targetHints":{"allow":["GET"]}}],"collection":[{"href":"https:\/\/vagas.portalemprego.com.br\/index.php?rest_route=\/wp\/v2\/posts"}],"about":[{"href":"https:\/\/vagas.portalemprego.com.br\/index.php?rest_route=\/wp\/v2\/types\/post"}],"author":[{"embeddable":true,"href":"https:\/\/vagas.portalemprego.com.br\/index.php?rest_route=\/wp\/v2\/users\/1"}],"replies":[{"embeddable":true,"href":"https:\/\/vagas.portalemprego.com.br\/index.php?rest_route=%2Fwp%2Fv2%2Fcomments&post=4804"}],"version-history":[{"count":0,"href":"https:\/\/vagas.portalemprego.com.br\/index.php?rest_route=\/wp\/v2\/posts\/4804\/revisions"}],"wp:attachment":[{"href":"https:\/\/vagas.portalemprego.com.br\/index.php?rest_route=%2Fwp%2Fv2%2Fmedia&parent=4804"}],"wp:term":[{"taxonomy":"category","embeddable":true,"href":"https:\/\/vagas.portalemprego.com.br\/index.php?rest_route=%2Fwp%2Fv2%2Fcategories&post=4804"},{"taxonomy":"post_tag","embeddable":true,"href":"https:\/\/vagas.portalemprego.com.br\/index.php?rest_route=%2Fwp%2Fv2%2Ftags&post=4804"}],"curies":[{"name":"wp","href":"https:\/\/api.w.org\/{rel}","templated":true}]}}