{"id":4806,"date":"2026-04-29T06:05:05","date_gmt":"2026-04-29T09:05:05","guid":{"rendered":"https:\/\/vagas.portalemprego.com.br\/?p=4806"},"modified":"2026-04-29T06:05:05","modified_gmt":"2026-04-29T09:05:05","slug":"assistente-administrativo-hospitalar-pcd-saude-rio-de-janeiro","status":"publish","type":"post","link":"https:\/\/vagas.portalemprego.com.br\/?p=4806","title":{"rendered":"Assistente Administrativo | Hospitalar (PCD) &#8211; Sa\u00fade &#8211; Rio de Janeiro"},"content":{"rendered":"<p>Oportunidade para Assistente Administrativo &#8211; na REDE SANTA CATARINA \u2013 Casa de Sa\u00fade S\u00e3o Jos\u00e9 &#8211; Humait\u00e1 &#8211; Rio de Janeiro.<\/p>\n<p>Atribui\u00e7\u00f5es:<br \/>\nAlimenta\u00e7\u00e3o e transfer\u00eancia de dados em sistemas hospitalares;<br \/>\nOrganiza\u00e7\u00e3o e controle de documentos;<br \/>\nApoio na elabora\u00e7\u00e3o de apresenta\u00e7\u00f5es (PowerPoint);<br \/>\nSuporte \u00e0s rotinas administrativas do setor;<br \/>\nElabora\u00e7\u00e3o de Relat\u00f3rios e Planilhas;<br \/>\nPreparar relat\u00f3rios e planilhas de controle de indicadores de produtividade para a gest\u00e3o;<br \/>\nContribuir para um ambiente com clima organizacional positivo, fundamentado em uma comunica\u00e7\u00e3o respeitosa, transparente e efetiva.<br \/>\nRequisitos e qualifica\u00e7\u00f5es:<br \/>\nEnsino M\u00e9dio completo;<br \/>\nDesej\u00e1vel forma\u00e7\u00e3o superior completa ou cursando em \u00e1reas correlatas;<br \/>\nExperi\u00eancia com rotinas administrativas;<br \/>\nOrganiza\u00e7\u00e3o, proatividade, paciente, aten\u00e7\u00e3o aos detalhes e bom relacionamento interpessoal;<br \/>\nConhecer pacote office;<br \/>\nDisponibilidade para atuar no Bairro Humait\u00e1 &#8211; Zona Sul &#8211; RJ.<\/p>\n<p>Desej\u00e1vel:<br \/>\nDesej\u00e1vel conhecimento em CNES e CIHA (plataformas da \u00e1rea da sa\u00fade) e sistema MV.<\/p>\n<ul>\n<li>Local de trabalho: Rio de Janeiro, RJ<\/li>\n<li>Regime de contrata\u00e7\u00e3o de tipo: Efetivo \u2013 CLT<\/li>\n<li>Jornada: Per\u00edodo Integral<\/li>\n<li>\u00c1rea e especializa\u00e7\u00e3o profissional: Sa\u00fade &#8211; Outras Especialidades M\u00e9dicas<\/li>\n<li>N\u00edvel hier\u00e1rquico: Operacional<\/li>\n<\/ul>\n<p>Escolaridade M\u00ednima: Ensino M\u00e9dio (2\u00ba Grau)<\/p>\n<ul>\n<li>Almo\u00e7o<\/li>\n<li>Gympass<\/li>\n<li>Lanche da tarde<\/li>\n<li>Caf\u00e9 da Manh\u00e3<\/li>\n<li>Vale-transporte<\/li>\n<li>Assist\u00eancia odontol\u00f3gica<\/li>\n<li>Assist\u00eancia m\u00e9dica<\/li>\n<\/ul>\n","protected":false},"excerpt":{"rendered":"<p>Oportunidade para Assistente Administrativo &#8211; na REDE SANTA CATARINA \u2013 Casa de Sa\u00fade S\u00e3o Jos\u00e9 &#8211; Humait\u00e1 &#8211; Rio de Janeiro. Atribui\u00e7\u00f5es: Alimenta\u00e7\u00e3o e transfer\u00eancia de dados em sistemas hospitalares; Organiza\u00e7\u00e3o e controle de documentos; Apoio na elabora\u00e7\u00e3o de apresenta\u00e7\u00f5es (PowerPoint); Suporte \u00e0s rotinas administrativas do setor; Elabora\u00e7\u00e3o de Relat\u00f3rios e Planilhas; Preparar relat\u00f3rios e [&hellip;]<\/p>\n","protected":false},"author":1,"featured_media":0,"comment_status":"open","ping_status":"open","sticky":false,"template":"","format":"standard","meta":{"footnotes":""},"categories":[21],"tags":[],"class_list":["post-4806","post","type-post","status-publish","format-standard","hentry","category-rio-de-janeiro-rj"],"_links":{"self":[{"href":"https:\/\/vagas.portalemprego.com.br\/index.php?rest_route=\/wp\/v2\/posts\/4806","targetHints":{"allow":["GET"]}}],"collection":[{"href":"https:\/\/vagas.portalemprego.com.br\/index.php?rest_route=\/wp\/v2\/posts"}],"about":[{"href":"https:\/\/vagas.portalemprego.com.br\/index.php?rest_route=\/wp\/v2\/types\/post"}],"author":[{"embeddable":true,"href":"https:\/\/vagas.portalemprego.com.br\/index.php?rest_route=\/wp\/v2\/users\/1"}],"replies":[{"embeddable":true,"href":"https:\/\/vagas.portalemprego.com.br\/index.php?rest_route=%2Fwp%2Fv2%2Fcomments&post=4806"}],"version-history":[{"count":0,"href":"https:\/\/vagas.portalemprego.com.br\/index.php?rest_route=\/wp\/v2\/posts\/4806\/revisions"}],"wp:attachment":[{"href":"https:\/\/vagas.portalemprego.com.br\/index.php?rest_route=%2Fwp%2Fv2%2Fmedia&parent=4806"}],"wp:term":[{"taxonomy":"category","embeddable":true,"href":"https:\/\/vagas.portalemprego.com.br\/index.php?rest_route=%2Fwp%2Fv2%2Fcategories&post=4806"},{"taxonomy":"post_tag","embeddable":true,"href":"https:\/\/vagas.portalemprego.com.br\/index.php?rest_route=%2Fwp%2Fv2%2Ftags&post=4806"}],"curies":[{"name":"wp","href":"https:\/\/api.w.org\/{rel}","templated":true}]}}