{"id":4812,"date":"2026-04-29T06:05:05","date_gmt":"2026-04-29T09:05:05","guid":{"rendered":"https:\/\/vagas.portalemprego.com.br\/?p=4812"},"modified":"2026-04-29T06:05:05","modified_gmt":"2026-04-29T09:05:05","slug":"assistente-de-atendimento-rj-pcd-administracao-rio-de-janeiro","status":"publish","type":"post","link":"https:\/\/vagas.portalemprego.com.br\/?p=4812","title":{"rendered":"Assistente de Atendimento &#8211; RJ &#8211; PCD &#8211; Administra\u00e7\u00e3o &#8211; Rio de Janeiro"},"content":{"rendered":"<p>?? Apoio Administrativo<br \/>\nOrganiza\u00e7\u00e3o e controle de prontu\u00e1rios e documentos<br \/>\nEmiss\u00e3o de agendas e apoio ao atendimento m\u00e9dico e ao paciente<br \/>\nExecu\u00e7\u00e3o de rotinas administrativas e suporte \u00e0s recep\u00e7\u00f5es<br \/>\nControle e solicita\u00e7\u00e3o de materiais de escrit\u00f3rio<br \/>\n?? Autoriza\u00e7\u00f5es e Conv\u00eanios<br \/>\nSolicita\u00e7\u00e3o e acompanhamento de autoriza\u00e7\u00f5es junto aos conv\u00eanios<br \/>\nControle de ciclos de tratamento, exames e medicamentos<br \/>\nConfer\u00eancia de guias, documentos e faturamento<br \/>\nContato com conv\u00eanios para regulariza\u00e7\u00f5es e libera\u00e7\u00f5es<br \/>\nInterface com setores internos (Faturamento, Farm\u00e1cia, Comercial)<br \/>\n?? Facilities \/ Almoxarifado<br \/>\nControle de estoque e invent\u00e1rios peri\u00f3dicos<br \/>\nRecebimento e confer\u00eancia de materiais e notas fiscais<br \/>\nAcompanhamento de pedidos de compras e servi\u00e7os terceirizados<br \/>\nOrganiza\u00e7\u00e3o, armazenamento e controle de materiais<br \/>\nApoio no controle or\u00e7ament\u00e1rio e contratos<br \/>\n?? Farm\u00e1cia<br \/>\nApoio no controle e organiza\u00e7\u00e3o de materiais e medicamentos<br \/>\nConfer\u00eancia de recebimento, validade e rastreabilidade<br \/>\nControle de estoque, invent\u00e1rios e registros sist\u00eamicos<br \/>\nMonitoramento de temperatura e boas pr\u00e1ticas de armazenamento<br \/>\nApoio \u00e0s requisi\u00e7\u00f5es internas e fluxo de materiais<br \/>\n?? Planejamento Tribut\u00e1rio (Apoio)<br \/>\nSuporte em demandas administrativas relacionadas ao contencioso tribut\u00e1rio<br \/>\nAcompanhamento processual e intera\u00e7\u00e3o com \u00e1reas internas<\/p>\n<ul>\n<li>Local de trabalho: Rio de Janeiro, RJ<\/li>\n<li>Regime de contrata\u00e7\u00e3o de tipo: Efetivo \u2013 CLT<\/li>\n<li>Jornada: Per\u00edodo Integral<\/li>\n<li>\u00c1rea e especializa\u00e7\u00e3o profissional: Administra\u00e7\u00e3o &#8211; Recep\u00e7\u00e3o<\/li>\n<li>N\u00edvel hier\u00e1rquico: Auxiliar<\/li>\n<\/ul>\n<p>Escolaridade M\u00ednima: Ensino M\u00e9dio (2\u00ba Grau)<\/p>\n","protected":false},"excerpt":{"rendered":"<p>?? Apoio Administrativo Organiza\u00e7\u00e3o e controle de prontu\u00e1rios e documentos Emiss\u00e3o de agendas e apoio ao atendimento m\u00e9dico e ao paciente Execu\u00e7\u00e3o de rotinas administrativas e suporte \u00e0s recep\u00e7\u00f5es Controle e solicita\u00e7\u00e3o de materiais de escrit\u00f3rio ?? Autoriza\u00e7\u00f5es e Conv\u00eanios Solicita\u00e7\u00e3o e acompanhamento de autoriza\u00e7\u00f5es junto aos conv\u00eanios Controle de ciclos de tratamento, exames e [&hellip;]<\/p>\n","protected":false},"author":1,"featured_media":0,"comment_status":"open","ping_status":"open","sticky":false,"template":"","format":"standard","meta":{"footnotes":""},"categories":[21],"tags":[],"class_list":["post-4812","post","type-post","status-publish","format-standard","hentry","category-rio-de-janeiro-rj"],"_links":{"self":[{"href":"https:\/\/vagas.portalemprego.com.br\/index.php?rest_route=\/wp\/v2\/posts\/4812","targetHints":{"allow":["GET"]}}],"collection":[{"href":"https:\/\/vagas.portalemprego.com.br\/index.php?rest_route=\/wp\/v2\/posts"}],"about":[{"href":"https:\/\/vagas.portalemprego.com.br\/index.php?rest_route=\/wp\/v2\/types\/post"}],"author":[{"embeddable":true,"href":"https:\/\/vagas.portalemprego.com.br\/index.php?rest_route=\/wp\/v2\/users\/1"}],"replies":[{"embeddable":true,"href":"https:\/\/vagas.portalemprego.com.br\/index.php?rest_route=%2Fwp%2Fv2%2Fcomments&post=4812"}],"version-history":[{"count":0,"href":"https:\/\/vagas.portalemprego.com.br\/index.php?rest_route=\/wp\/v2\/posts\/4812\/revisions"}],"wp:attachment":[{"href":"https:\/\/vagas.portalemprego.com.br\/index.php?rest_route=%2Fwp%2Fv2%2Fmedia&parent=4812"}],"wp:term":[{"taxonomy":"category","embeddable":true,"href":"https:\/\/vagas.portalemprego.com.br\/index.php?rest_route=%2Fwp%2Fv2%2Fcategories&post=4812"},{"taxonomy":"post_tag","embeddable":true,"href":"https:\/\/vagas.portalemprego.com.br\/index.php?rest_route=%2Fwp%2Fv2%2Ftags&post=4812"}],"curies":[{"name":"wp","href":"https:\/\/api.w.org\/{rel}","templated":true}]}}