{"id":4814,"date":"2026-04-29T06:05:05","date_gmt":"2026-04-29T09:05:05","guid":{"rendered":"https:\/\/vagas.portalemprego.com.br\/?p=4814"},"modified":"2026-04-29T06:05:05","modified_gmt":"2026-04-29T09:05:05","slug":"cumim-gavea-rj-alimentacao-gastronomia-rio-de-janeiro","status":"publish","type":"post","link":"https:\/\/vagas.portalemprego.com.br\/?p=4814","title":{"rendered":"Cumim &#8211; G\u00e1vea (RJ) &#8211; Alimenta\u00e7\u00e3o \/ Gastronomia &#8211; Rio de Janeiro"},"content":{"rendered":"<p>Vaga \u2013 Cumim (Noturno)<br \/>\nQuantidade de vagas: 2<br \/>\nLocal: G\u00e1vea \u2013 RJ<br \/>\nEstamos contratando Cumins para atuar no per\u00edodo noturno, em restaurante localizado na G\u00e1vea. Procuramos profissionais \u00e1geis, organizados e com interesse em trabalhar em equipe, garantindo apoio ao atendimento e \u00e0 opera\u00e7\u00e3o do sal\u00e3o.<br \/>\nHor\u00e1rio: 17h \u00e0s 01h20<br \/>\nRemunera\u00e7\u00e3o:<br \/>\nSal\u00e1rio: R$ 1.658,80<br \/>\nComiss\u00e3o: m\u00e9dia de R$ 600,00<br \/>\nBoa oportunidade para quem busca experi\u00eancia em restaurante, ganho vari\u00e1vel e atua\u00e7\u00e3o em uma das regi\u00f5es mais movimentadas da Zona Sul do Rio de Janeiro.<\/p>\n<ul>\n<li>Local de trabalho: Rio de Janeiro, RJ<\/li>\n<li>Regime de contrata\u00e7\u00e3o de tipo: Efetivo \u2013 CLT<\/li>\n<li>Jornada: Per\u00edodo Integral<\/li>\n<li>\u00c1rea e especializa\u00e7\u00e3o profissional: Alimenta\u00e7\u00e3o \/ Gastronomia &#8211; Atendente \/ Recep\u00e7\u00e3o \/ Gar\u00e7om<\/li>\n<li>N\u00edvel hier\u00e1rquico: Auxiliar<\/li>\n<\/ul>\n<p>Escolaridade M\u00ednima: Ensino M\u00e9dio (2\u00ba Grau)<\/p>\n<p>Sal\u00e1rio: 2258,8<\/p>\n","protected":false},"excerpt":{"rendered":"<p>Vaga \u2013 Cumim (Noturno) Quantidade de vagas: 2 Local: G\u00e1vea \u2013 RJ Estamos contratando Cumins para atuar no per\u00edodo noturno, em restaurante localizado na G\u00e1vea. Procuramos profissionais \u00e1geis, organizados e com interesse em trabalhar em equipe, garantindo apoio ao atendimento e \u00e0 opera\u00e7\u00e3o do sal\u00e3o. Hor\u00e1rio: 17h \u00e0s 01h20 Remunera\u00e7\u00e3o: Sal\u00e1rio: R$ 1.658,80 Comiss\u00e3o: m\u00e9dia [&hellip;]<\/p>\n","protected":false},"author":1,"featured_media":0,"comment_status":"open","ping_status":"open","sticky":false,"template":"","format":"standard","meta":{"footnotes":""},"categories":[21],"tags":[],"class_list":["post-4814","post","type-post","status-publish","format-standard","hentry","category-rio-de-janeiro-rj"],"_links":{"self":[{"href":"https:\/\/vagas.portalemprego.com.br\/index.php?rest_route=\/wp\/v2\/posts\/4814","targetHints":{"allow":["GET"]}}],"collection":[{"href":"https:\/\/vagas.portalemprego.com.br\/index.php?rest_route=\/wp\/v2\/posts"}],"about":[{"href":"https:\/\/vagas.portalemprego.com.br\/index.php?rest_route=\/wp\/v2\/types\/post"}],"author":[{"embeddable":true,"href":"https:\/\/vagas.portalemprego.com.br\/index.php?rest_route=\/wp\/v2\/users\/1"}],"replies":[{"embeddable":true,"href":"https:\/\/vagas.portalemprego.com.br\/index.php?rest_route=%2Fwp%2Fv2%2Fcomments&post=4814"}],"version-history":[{"count":0,"href":"https:\/\/vagas.portalemprego.com.br\/index.php?rest_route=\/wp\/v2\/posts\/4814\/revisions"}],"wp:attachment":[{"href":"https:\/\/vagas.portalemprego.com.br\/index.php?rest_route=%2Fwp%2Fv2%2Fmedia&parent=4814"}],"wp:term":[{"taxonomy":"category","embeddable":true,"href":"https:\/\/vagas.portalemprego.com.br\/index.php?rest_route=%2Fwp%2Fv2%2Fcategories&post=4814"},{"taxonomy":"post_tag","embeddable":true,"href":"https:\/\/vagas.portalemprego.com.br\/index.php?rest_route=%2Fwp%2Fv2%2Ftags&post=4814"}],"curies":[{"name":"wp","href":"https:\/\/api.w.org\/{rel}","templated":true}]}}