{"id":4818,"date":"2026-04-29T06:05:05","date_gmt":"2026-04-29T09:05:05","guid":{"rendered":"https:\/\/vagas.portalemprego.com.br\/?p=4818"},"modified":"2026-04-29T06:05:05","modified_gmt":"2026-04-29T09:05:05","slug":"captador-de-imoveis-comercial-vendas-rio-de-janeiro","status":"publish","type":"post","link":"https:\/\/vagas.portalemprego.com.br\/?p=4818","title":{"rendered":"Captador de Im\u00f3veis &#8211; Comercial, Vendas &#8211; Rio de Janeiro"},"content":{"rendered":"<p>Imobili\u00e1ria na Zona Sul contrata:<br \/>\nT\u00edtulo da vaga: Captador de Im\u00f3veis<br \/>\nSal\u00e1rio e benef\u00edcios: R$ 2.400,00 + b\u00f4nus por atingimento de metas a decidir + VT + VA 28,00\/dia<br \/>\nHor\u00e1rio de trabalho: de 2\u00aa a 6\u00aa das 09 \u00e0s 18 horas<br \/>\nPERFIL PROFISSIONAL<br \/>\nAtividades a serem desenvolvidas:<br \/>\n? Mapear oportunidades, localizando ativamente im\u00f3veis \u00e0 venda ou para alugar em outras imobili\u00e1rias ou anunciados diretamente por propriet\u00e1rios via plataformas digitais como portais imobili\u00e1rios, e utilizando softwares como EEm\u00f3vel, Assertiva e Procob.<br \/>\n? Visitar as regi\u00f5es de interesse e mapear placas de rua, al\u00e9m de abordar ativamente os condom\u00ednios.<br \/>\n? Abordar potenciais propriet\u00e1rios e parceiros como porteiros de maneira presencial ou digital (modelo inside sales), para levar a proposta de parceria da imobili\u00e1ria e construir assim uma carteira de relacionamento<br \/>\n? Organizar e fazer a gest\u00e3o do relacionamento com propriet\u00e1rios e parceiros, renovando propostas e acordos para manter as parcerias. Atualizar a disponibilidade dos im\u00f3veis para divulga\u00e7\u00e3o pela imobili\u00e1ria.<br \/>\n? Colocar placas, fazer fotos e preencher de maneira completa a ficha do im\u00f3vel captado, destacando os diferenciais.<br \/>\n? Dar suporte \u00e0 dire\u00e7\u00e3o na elabora\u00e7\u00e3o das estrat\u00e9gias de capta\u00e7\u00e3o necess\u00e1rias para a sa\u00fade da carteira da imobili\u00e1ria.<br \/>\nExperi\u00eancia profissional: Experi\u00eancia como vendedor, Representante Comercial ou atividades ligadas ao ramo imobili\u00e1rio<br \/>\nRequisitos obrigat\u00f3rios:<br \/>\nSegundo Grau completo, Experi\u00eancia com atendimento a clientes e vendas,  Excelente comunica\u00e7\u00e3o, flu\u00eancia verbal e extrovertido, proativo e din\u00e2mico, perfil investigativo, criatividade, persuas\u00e3o, organizado com habilidades de administra\u00e7\u00e3o do tempo, foco no resultado e intelig\u00eancia emocional para trabalhar sob press\u00e3o no atingimento das metas, vis\u00e3o sist\u00eamica para tomada de decis\u00e3o atrav\u00e9s de estrat\u00e9gias. Experiencia em Pacote Office e habilidades na internet<br \/>\nRequisitos desej\u00e1veis: Gradua\u00e7\u00e3o cursando,  Conhecimento do ramo imobili\u00e1rio Conhecimento da Regi\u00e3o de Copacabana<\/p>\n<ul>\n<li>Local de trabalho: Rio de Janeiro, RJ<\/li>\n<li>Regime de contrata\u00e7\u00e3o de tipo: Efetivo \u2013 CLT<\/li>\n<li>Jornada: Per\u00edodo Integral<\/li>\n<li>\u00c1rea e especializa\u00e7\u00e3o profissional: Comercial, Vendas &#8211; Atendimento<\/li>\n<li>N\u00edvel hier\u00e1rquico: Assistente<\/li>\n<\/ul>\n<p>VALORIZADO<\/p>\n<p>Tempo de experi\u00eancia: Entre 1 e 3 anos<\/p>\n<p>HABILIDADES<\/p>\n<ul>\n<li>habilidades em administra\u00e7\u00e3o do tempo<\/li>\n<li>foco no resultado<\/li>\n<li>pacote office<\/li>\n<li>trabalhar sob press\u00e3o no atingimento de metas<\/li>\n<li>vis\u00e3o sist\u00eamica para tomada de decis\u00e3o<\/li>\n<li>organiza\u00e7\u00e3o<\/li>\n<li>inteligencia emocional<\/li>\n<li>persuas\u00e3o<\/li>\n<li>proativo<\/li>\n<li>perfil investigativo<\/li>\n<li>din\u00e2mico<\/li>\n<li>extrovertido<\/li>\n<li>fluencia verbal<\/li>\n<li>habilidades de comunica\u00e7\u00e3o<\/li>\n<li>atendimento ao cliente<\/li>\n<li>internet<\/li>\n<li>criatividade<\/li>\n<\/ul>\n<p>Escolaridade M\u00ednima: Ensino M\u00e9dio (2\u00ba Grau)<\/p>\n<ul>\n<li>vale refei\u00e7\u00e3o<\/li>\n<li>b\u00f4nus por atingimento de metas<\/li>\n<li>vale transporte<\/li>\n<\/ul>\n<p>Sal\u00e1rio: 2400,0<\/p>\n","protected":false},"excerpt":{"rendered":"<p>Imobili\u00e1ria na Zona Sul contrata: T\u00edtulo da vaga: Captador de Im\u00f3veis Sal\u00e1rio e benef\u00edcios: R$ 2.400,00 + b\u00f4nus por atingimento de metas a decidir + VT + VA 28,00\/dia Hor\u00e1rio de trabalho: de 2\u00aa a 6\u00aa das 09 \u00e0s 18 horas PERFIL PROFISSIONAL Atividades a serem desenvolvidas: ? Mapear oportunidades, localizando ativamente im\u00f3veis \u00e0 venda [&hellip;]<\/p>\n","protected":false},"author":1,"featured_media":0,"comment_status":"open","ping_status":"open","sticky":false,"template":"","format":"standard","meta":{"footnotes":""},"categories":[21],"tags":[],"class_list":["post-4818","post","type-post","status-publish","format-standard","hentry","category-rio-de-janeiro-rj"],"_links":{"self":[{"href":"https:\/\/vagas.portalemprego.com.br\/index.php?rest_route=\/wp\/v2\/posts\/4818","targetHints":{"allow":["GET"]}}],"collection":[{"href":"https:\/\/vagas.portalemprego.com.br\/index.php?rest_route=\/wp\/v2\/posts"}],"about":[{"href":"https:\/\/vagas.portalemprego.com.br\/index.php?rest_route=\/wp\/v2\/types\/post"}],"author":[{"embeddable":true,"href":"https:\/\/vagas.portalemprego.com.br\/index.php?rest_route=\/wp\/v2\/users\/1"}],"replies":[{"embeddable":true,"href":"https:\/\/vagas.portalemprego.com.br\/index.php?rest_route=%2Fwp%2Fv2%2Fcomments&post=4818"}],"version-history":[{"count":0,"href":"https:\/\/vagas.portalemprego.com.br\/index.php?rest_route=\/wp\/v2\/posts\/4818\/revisions"}],"wp:attachment":[{"href":"https:\/\/vagas.portalemprego.com.br\/index.php?rest_route=%2Fwp%2Fv2%2Fmedia&parent=4818"}],"wp:term":[{"taxonomy":"category","embeddable":true,"href":"https:\/\/vagas.portalemprego.com.br\/index.php?rest_route=%2Fwp%2Fv2%2Fcategories&post=4818"},{"taxonomy":"post_tag","embeddable":true,"href":"https:\/\/vagas.portalemprego.com.br\/index.php?rest_route=%2Fwp%2Fv2%2Ftags&post=4818"}],"curies":[{"name":"wp","href":"https:\/\/api.w.org\/{rel}","templated":true}]}}