{"id":4821,"date":"2026-04-29T06:05:05","date_gmt":"2026-04-29T09:05:05","guid":{"rendered":"https:\/\/vagas.portalemprego.com.br\/?p=4821"},"modified":"2026-04-29T06:05:05","modified_gmt":"2026-04-29T09:05:05","slug":"lider-comercial-presencial-rj-comercial-vendas-rio-de-janeiro","status":"publish","type":"post","link":"https:\/\/vagas.portalemprego.com.br\/?p=4821","title":{"rendered":"L\u00cdDER COMERCIAL| Presencial| RJ &#8211; Comercial, Vendas &#8211; Rio de Janeiro"},"content":{"rendered":"<p>L\u00cdDER COMERCIAL<br \/>\nRio de Janeiro \u2013 RJ | Taquara<br \/>\n Regime CLT | Presencial<br \/>\n Tempo integral<br \/>\nEmpresa do segmento fitness, localizada na regi\u00e3o da Taquara \u2013 RJ, est\u00e1 contratando L\u00edder de Vendas (L\u00edder Comercial) para atua\u00e7\u00e3o presencial. Buscamos um(a) profissional com energia alta, perfil de lideran\u00e7a e forte orienta\u00e7\u00e3o para resultados, capaz de conduzir a equipe comercial e sustentar metas com consist\u00eancia.<\/p>\n<p>Miss\u00e3o do Cargo<br \/>\nLiderar a \u00e1rea comercial de forma estrat\u00e9gica e operacional, garantindo o alcance das metas de vendas, a organiza\u00e7\u00e3o dos processos comerciais, o desenvolvimento da equipe e uma excelente experi\u00eancia para os clientes, alinhado(a) a uma cultura humanizada.<\/p>\n<p>Principais Responsabilidades<br \/>\nLiderar, orientar e desenvolver a equipe de vendas<br \/>\nAcompanhar metas di\u00e1rias, semanais e mensais<br \/>\nMonitorar indicadores de desempenho comercial<br \/>\nAtuar diretamente no relacionamento com clientes<br \/>\nGarantir excel\u00eancia no atendimento e na convers\u00e3o de vendas<br \/>\nConduzir negocia\u00e7\u00f5es e estrat\u00e9gias comerciais<br \/>\nOrganizar e acompanhar processos da \u00e1rea comercial<br \/>\nAtuar de forma pr\u00e1tica no dia a dia da opera\u00e7\u00e3o (perfil m\u00e3o na massa)<\/p>\n<p>Requisitos Obrigat\u00f3rios<br \/>\nExperi\u00eancia em lideran\u00e7a de vendas e gest\u00e3o de pessoas<br \/>\nViv\u00eancia com metas, indicadores e processos comerciais<br \/>\nPerfil din\u00e2mico, proativo, organizado e comprometido<br \/>\nBoa comunica\u00e7\u00e3o e postura profissional<\/p>\n<p>Requisitos Desej\u00e1veis<br \/>\nProatividade e criatividade<br \/>\nPerfil estrat\u00e9gico e sagaz<br \/>\nAgilidade e boa leitura de cen\u00e1rio<br \/>\nExperi\u00eancia no segmento fitness, varejo ou servi\u00e7os (diferencial)<\/p>\n<p>Forma\u00e7\u00e3o<br \/>\nEnsino M\u00e9dio completo<br \/>\nForma\u00e7\u00e3o em Gest\u00e3o Comercial ou Administra\u00e7\u00e3o ser\u00e1 um diferencial<\/p>\n<p>Experi\u00eancia<br \/>\nM\u00ednimo de at\u00e9 1 ano em fun\u00e7\u00f5es comerciais com lideran\u00e7a ou coordena\u00e7\u00e3o<\/p>\n<p>Remunera\u00e7\u00e3o<br \/>\nSal\u00e1rio fixo: R$ 2.000,00<br \/>\nPremia\u00e7\u00e3o mensal vari\u00e1vel: entre R$ 1.000,00 e R$ 3.000,00, conforme resultados<\/p>\n<p>Jornada de Trabalho<br \/>\nSegunda a sexta-feira<br \/>\nHor\u00e1rios alternados:<br \/>\n2 dias das 08h \u00e0s 17h<br \/>\n2 dias das 12h \u00e0s 21h<br \/>\nSexta-feira das 09h \u00e0s 18h<br \/>\n1 hora de intervalo di\u00e1rio<\/p>\n<ul>\n<li>Local de trabalho: Rio de Janeiro, RJ<\/li>\n<li>Regime de contrata\u00e7\u00e3o de tipo: Efetivo \u2013 CLT<\/li>\n<li>Jornada: Per\u00edodo Integral<\/li>\n<li>\u00c1rea e especializa\u00e7\u00e3o profissional: Comercial, Vendas &#8211; Venda Interna<\/li>\n<li>N\u00edvel hier\u00e1rquico: Supervisor<\/li>\n<\/ul>\n<p>VALORIZADO<\/p>\n<p>Tempo de experi\u00eancia: Entre 1 e 3 anos<\/p>\n<p>Escolaridade M\u00ednima: Ensino Superior<\/p>\n<p>Sal\u00e1rio: 2000,01<\/p>\n","protected":false},"excerpt":{"rendered":"<p>L\u00cdDER COMERCIAL Rio de Janeiro \u2013 RJ | Taquara Regime CLT | Presencial Tempo integral Empresa do segmento fitness, localizada na regi\u00e3o da Taquara \u2013 RJ, est\u00e1 contratando L\u00edder de Vendas (L\u00edder Comercial) para atua\u00e7\u00e3o presencial. Buscamos um(a) profissional com energia alta, perfil de lideran\u00e7a e forte orienta\u00e7\u00e3o para resultados, capaz de conduzir a equipe [&hellip;]<\/p>\n","protected":false},"author":1,"featured_media":0,"comment_status":"open","ping_status":"open","sticky":false,"template":"","format":"standard","meta":{"footnotes":""},"categories":[21],"tags":[],"class_list":["post-4821","post","type-post","status-publish","format-standard","hentry","category-rio-de-janeiro-rj"],"_links":{"self":[{"href":"https:\/\/vagas.portalemprego.com.br\/index.php?rest_route=\/wp\/v2\/posts\/4821","targetHints":{"allow":["GET"]}}],"collection":[{"href":"https:\/\/vagas.portalemprego.com.br\/index.php?rest_route=\/wp\/v2\/posts"}],"about":[{"href":"https:\/\/vagas.portalemprego.com.br\/index.php?rest_route=\/wp\/v2\/types\/post"}],"author":[{"embeddable":true,"href":"https:\/\/vagas.portalemprego.com.br\/index.php?rest_route=\/wp\/v2\/users\/1"}],"replies":[{"embeddable":true,"href":"https:\/\/vagas.portalemprego.com.br\/index.php?rest_route=%2Fwp%2Fv2%2Fcomments&post=4821"}],"version-history":[{"count":0,"href":"https:\/\/vagas.portalemprego.com.br\/index.php?rest_route=\/wp\/v2\/posts\/4821\/revisions"}],"wp:attachment":[{"href":"https:\/\/vagas.portalemprego.com.br\/index.php?rest_route=%2Fwp%2Fv2%2Fmedia&parent=4821"}],"wp:term":[{"taxonomy":"category","embeddable":true,"href":"https:\/\/vagas.portalemprego.com.br\/index.php?rest_route=%2Fwp%2Fv2%2Fcategories&post=4821"},{"taxonomy":"post_tag","embeddable":true,"href":"https:\/\/vagas.portalemprego.com.br\/index.php?rest_route=%2Fwp%2Fv2%2Ftags&post=4821"}],"curies":[{"name":"wp","href":"https:\/\/api.w.org\/{rel}","templated":true}]}}