{"id":4825,"date":"2026-04-29T06:13:13","date_gmt":"2026-04-29T09:13:13","guid":{"rendered":"https:\/\/vagas.portalemprego.com.br\/?p=4825"},"modified":"2026-04-29T06:13:13","modified_gmt":"2026-04-29T09:13:13","slug":"supervisor-comercial-compras-mage","status":"publish","type":"post","link":"https:\/\/vagas.portalemprego.com.br\/?p=4825","title":{"rendered":"SUPERVISOR COMERCIAL &#8211; Compras &#8211; Mag\u00e9"},"content":{"rendered":"<p>Estamos em busca de um Supervisor Comercial para atuar em Mag\u00e9\/RJ, com perfil de lideran\u00e7a e foco em resultados. Esse profissional ser\u00e1 respons\u00e1vel por acompanhar, direcionar e motivar a equipe de vendas, garantindo o cumprimento das metas e o crescimento dos resultados da empresa.<\/p>\n<p>?? Principais Atividades:<\/p>\n<p>Supervisionar e orientar a equipe comercial, garantindo performance e produtividade;<\/p>\n<p>Definir estrat\u00e9gias para aumento de vendas e expans\u00e3o de clientes;<\/p>\n<p>Acompanhar indicadores de desempenho e propor melhorias;<\/p>\n<p>Apoiar no desenvolvimento e capacita\u00e7\u00e3o da equipe;<\/p>\n<p>Gerenciar processos, metas e relat\u00f3rios de vendas;<\/p>\n<p>Atuar de forma proativa para alcan\u00e7ar e superar os resultados estabelecidos.<\/p>\n<p>? Requisitos:<\/p>\n<p>Experi\u00eancia em lideran\u00e7a ou supervis\u00e3o comercial;<\/p>\n<p>Perfil proativo, estrat\u00e9gico e orientado a resultados;<\/p>\n<p>Boa comunica\u00e7\u00e3o, negocia\u00e7\u00e3o e vis\u00e3o de neg\u00f3cios;<\/p>\n<p>Ensino m\u00e9dio completo (desej\u00e1vel superior em andamento ou completo).<\/p>\n<ul>\n<li>Local de trabalho: Mag\u00e9, RJ<\/li>\n<li>Regime de contrata\u00e7\u00e3o de tipo: Efetivo \u2013 CLT<\/li>\n<li>Jornada: Per\u00edodo Integral<\/li>\n<li>\u00c1rea e especializa\u00e7\u00e3o profissional: Compras &#8211; Compras<\/li>\n<li>N\u00edvel hier\u00e1rquico: Supervisor<\/li>\n<\/ul>\n<p>VALORIZADO<\/p>\n<p>Tempo de experi\u00eancia: Entre 1 e 3 anos<\/p>\n<p>Escolaridade M\u00ednima: Ensino M\u00e9dio (2\u00ba Grau)<\/p>\n<p>Sal\u00e1rio: 2800,0<\/p>\n","protected":false},"excerpt":{"rendered":"<p>Estamos em busca de um Supervisor Comercial para atuar em Mag\u00e9\/RJ, com perfil de lideran\u00e7a e foco em resultados. Esse profissional ser\u00e1 respons\u00e1vel por acompanhar, direcionar e motivar a equipe de vendas, garantindo o cumprimento das metas e o crescimento dos resultados da empresa. ?? Principais Atividades: Supervisionar e orientar a equipe comercial, garantindo performance [&hellip;]<\/p>\n","protected":false},"author":1,"featured_media":0,"comment_status":"open","ping_status":"open","sticky":false,"template":"","format":"standard","meta":{"footnotes":""},"categories":[21],"tags":[],"class_list":["post-4825","post","type-post","status-publish","format-standard","hentry","category-rio-de-janeiro-rj"],"_links":{"self":[{"href":"https:\/\/vagas.portalemprego.com.br\/index.php?rest_route=\/wp\/v2\/posts\/4825","targetHints":{"allow":["GET"]}}],"collection":[{"href":"https:\/\/vagas.portalemprego.com.br\/index.php?rest_route=\/wp\/v2\/posts"}],"about":[{"href":"https:\/\/vagas.portalemprego.com.br\/index.php?rest_route=\/wp\/v2\/types\/post"}],"author":[{"embeddable":true,"href":"https:\/\/vagas.portalemprego.com.br\/index.php?rest_route=\/wp\/v2\/users\/1"}],"replies":[{"embeddable":true,"href":"https:\/\/vagas.portalemprego.com.br\/index.php?rest_route=%2Fwp%2Fv2%2Fcomments&post=4825"}],"version-history":[{"count":0,"href":"https:\/\/vagas.portalemprego.com.br\/index.php?rest_route=\/wp\/v2\/posts\/4825\/revisions"}],"wp:attachment":[{"href":"https:\/\/vagas.portalemprego.com.br\/index.php?rest_route=%2Fwp%2Fv2%2Fmedia&parent=4825"}],"wp:term":[{"taxonomy":"category","embeddable":true,"href":"https:\/\/vagas.portalemprego.com.br\/index.php?rest_route=%2Fwp%2Fv2%2Fcategories&post=4825"},{"taxonomy":"post_tag","embeddable":true,"href":"https:\/\/vagas.portalemprego.com.br\/index.php?rest_route=%2Fwp%2Fv2%2Ftags&post=4825"}],"curies":[{"name":"wp","href":"https:\/\/api.w.org\/{rel}","templated":true}]}}