{"id":4830,"date":"2026-04-29T06:13:13","date_gmt":"2026-04-29T09:13:13","guid":{"rendered":"https:\/\/vagas.portalemprego.com.br\/?p=4830"},"modified":"2026-04-29T06:13:13","modified_gmt":"2026-04-29T09:13:13","slug":"tecnico-fibra-optica-jr-informatica-ti-telecomunicacoes-rio-de-janeiro","status":"publish","type":"post","link":"https:\/\/vagas.portalemprego.com.br\/?p=4830","title":{"rendered":"TECNICO FIBRA \u00d3PTICA  JR &#8211; Inform\u00e1tica, TI, Telecomunica\u00e7\u00f5es &#8211; Rio de Janeiro"},"content":{"rendered":"<p>Preparar cabos \u00f3pticos para fus\u00e3o e acomoda\u00e7\u00e3o de fibras na caixa de emenda e\/ou DGO, identificar grupos e fibras no padr\u00e3o Telebr\u00e1s e Padr\u00e3o Americano, executar emenda (fus\u00e3o) em fibras, operar os principais equipamentos\/instrumentos: Clivador, m\u00e1quina de fus\u00e3o, OTDR, fonte de luz, Power meter, realizar testes de enlace ponta a ponta em DGO, ler projetos\/diagramas de emendas \u00f3pticas e esquem\u00e1ticos.<\/p>\n<ul>\n<li>Local de trabalho: Rio de Janeiro, RJ<\/li>\n<li>Regime de contrata\u00e7\u00e3o de tipo: Efetivo \u2013 CLT<\/li>\n<li>Jornada: Per\u00edodo Integral<\/li>\n<li>\u00c1rea e especializa\u00e7\u00e3o profissional: Inform\u00e1tica, TI, Telecomunica\u00e7\u00f5es &#8211; Telecomunica\u00e7\u00f5es<\/li>\n<li>N\u00edvel hier\u00e1rquico: Operacional<\/li>\n<\/ul>\n<p>VALORIZADO<\/p>\n<p>Tempo de experi\u00eancia: Entre 1 e 3 anos<\/p>\n<p>Escolaridade M\u00ednima: Ensino M\u00e9dio (2\u00ba Grau)<\/p>\n<p>Habilita\u00e7\u00e3o para dirigir: B<\/p>\n<p>Disponibilidade para viajar<\/p>\n","protected":false},"excerpt":{"rendered":"<p>Preparar cabos \u00f3pticos para fus\u00e3o e acomoda\u00e7\u00e3o de fibras na caixa de emenda e\/ou DGO, identificar grupos e fibras no padr\u00e3o Telebr\u00e1s e Padr\u00e3o Americano, executar emenda (fus\u00e3o) em fibras, operar os principais equipamentos\/instrumentos: Clivador, m\u00e1quina de fus\u00e3o, OTDR, fonte de luz, Power meter, realizar testes de enlace ponta a ponta em DGO, ler projetos\/diagramas [&hellip;]<\/p>\n","protected":false},"author":1,"featured_media":0,"comment_status":"open","ping_status":"open","sticky":false,"template":"","format":"standard","meta":{"footnotes":""},"categories":[21],"tags":[],"class_list":["post-4830","post","type-post","status-publish","format-standard","hentry","category-rio-de-janeiro-rj"],"_links":{"self":[{"href":"https:\/\/vagas.portalemprego.com.br\/index.php?rest_route=\/wp\/v2\/posts\/4830","targetHints":{"allow":["GET"]}}],"collection":[{"href":"https:\/\/vagas.portalemprego.com.br\/index.php?rest_route=\/wp\/v2\/posts"}],"about":[{"href":"https:\/\/vagas.portalemprego.com.br\/index.php?rest_route=\/wp\/v2\/types\/post"}],"author":[{"embeddable":true,"href":"https:\/\/vagas.portalemprego.com.br\/index.php?rest_route=\/wp\/v2\/users\/1"}],"replies":[{"embeddable":true,"href":"https:\/\/vagas.portalemprego.com.br\/index.php?rest_route=%2Fwp%2Fv2%2Fcomments&post=4830"}],"version-history":[{"count":0,"href":"https:\/\/vagas.portalemprego.com.br\/index.php?rest_route=\/wp\/v2\/posts\/4830\/revisions"}],"wp:attachment":[{"href":"https:\/\/vagas.portalemprego.com.br\/index.php?rest_route=%2Fwp%2Fv2%2Fmedia&parent=4830"}],"wp:term":[{"taxonomy":"category","embeddable":true,"href":"https:\/\/vagas.portalemprego.com.br\/index.php?rest_route=%2Fwp%2Fv2%2Fcategories&post=4830"},{"taxonomy":"post_tag","embeddable":true,"href":"https:\/\/vagas.portalemprego.com.br\/index.php?rest_route=%2Fwp%2Fv2%2Ftags&post=4830"}],"curies":[{"name":"wp","href":"https:\/\/api.w.org\/{rel}","templated":true}]}}