{"id":4831,"date":"2026-04-29T06:13:13","date_gmt":"2026-04-29T09:13:13","guid":{"rendered":"https:\/\/vagas.portalemprego.com.br\/?p=4831"},"modified":"2026-04-29T06:13:13","modified_gmt":"2026-04-29T09:13:13","slug":"corretor-de-imoveis-mrv-comercial-vendas-duque-de-caxias","status":"publish","type":"post","link":"https:\/\/vagas.portalemprego.com.br\/?p=4831","title":{"rendered":"Corretor de Im\u00f3veis MRV &#8211; Comercial, Vendas &#8211; Duque de Caxias"},"content":{"rendered":"<p>Oportunidade de carreira na MRV &amp; CO como Corretor de Im\u00f3veis!<br \/>\nEstamos em busca de um profissional din\u00e2mico e com experi\u00eancia em vendas para integrar nossa equipe de corretores de im\u00f3veis. Se voc\u00ea tem paix\u00e3o por im\u00f3veis, excelente comunica\u00e7\u00e3o e busca um ambiente de trabalho que valoriza o crescimento profissional, esta \u00e9 a oportunidade perfeita para voc\u00ea.<br \/>\nComo Corretor de Im\u00f3veis na MRV &amp; CO, voc\u00ea ser\u00e1 respons\u00e1vel por atender clientes, apresentar projetos de im\u00f3veis, negociar e fechar vendas. Ser\u00e1 seu papel garantir que cada cliente tenha uma experi\u00eancia inesquec\u00edvel e que todos os processos sejam conduzidos com excel\u00eancia e transpar\u00eancia.<br \/>\nExperi\u00eancia anterior em vendas de im\u00f3veis \u00e9 um diferencial importante, mas n\u00e3o \u00e9 um requisito absoluto. Se voc\u00ea tem uma atitude proativa, \u00e9 orientado a resultados e tem um forte senso de \u00e9tica, voc\u00ea ser\u00e1 um \u00f3timo candidato para esta posi\u00e7\u00e3o.<br \/>\nA MRV &amp; CO oferece um ambiente de trabalho colaborativo e inovador, com oportunidades de desenvolvimento cont\u00ednuo e um sal\u00e1rio competitivo que reflete o seu valor e desempenho. Al\u00e9m disso, voc\u00ea ter\u00e1 acesso a treinamentos e programas de capacita\u00e7\u00e3o para se manter sempre atualizado com as melhores pr\u00e1ticas do mercado imobili\u00e1rio.<br \/>\nJunte-se \u00e0 nossa equipe e fa\u00e7a parte de uma empresa que se destaca pela qualidade e inova\u00e7\u00e3o em desenvolvimentos imobili\u00e1rios. Venha construir um futuro de sucesso conosco!<br \/>\nInteressados devem se candidatar diretamente atrav\u00e9s do nosso processo seletivo interno. N\u00e3o perca esta chance de fazer parte de uma equipe que valoriza o trabalho em equipe e o crescimento profissional de cada um de seus membros.<\/p>\n<ul>\n<li>N\u00famero de vagas: 15<\/li>\n<li>Local de trabalho: Duque de Caxias, RJ<\/li>\n<li>Regime de contrata\u00e7\u00e3o de tipo: Prestador de Servi\u00e7os (PJ)<\/li>\n<li>Jornada: Per\u00edodo Integral<\/li>\n<li>\u00c1rea e especializa\u00e7\u00e3o profissional: Comercial, Vendas &#8211; Corretagem<\/li>\n<li>N\u00edvel hier\u00e1rquico: Consultor<\/li>\n<\/ul>\n<p>VALORIZADO<\/p>\n<p>Tempo de experi\u00eancia: Entre 1 e 3 anos<\/p>\n<p>Escolaridade M\u00ednima: Ensino M\u00e9dio (2\u00ba Grau)<\/p>\n","protected":false},"excerpt":{"rendered":"<p>Oportunidade de carreira na MRV &amp; CO como Corretor de Im\u00f3veis! Estamos em busca de um profissional din\u00e2mico e com experi\u00eancia em vendas para integrar nossa equipe de corretores de im\u00f3veis. Se voc\u00ea tem paix\u00e3o por im\u00f3veis, excelente comunica\u00e7\u00e3o e busca um ambiente de trabalho que valoriza o crescimento profissional, esta \u00e9 a oportunidade perfeita [&hellip;]<\/p>\n","protected":false},"author":1,"featured_media":0,"comment_status":"open","ping_status":"open","sticky":false,"template":"","format":"standard","meta":{"footnotes":""},"categories":[21],"tags":[],"class_list":["post-4831","post","type-post","status-publish","format-standard","hentry","category-rio-de-janeiro-rj"],"_links":{"self":[{"href":"https:\/\/vagas.portalemprego.com.br\/index.php?rest_route=\/wp\/v2\/posts\/4831","targetHints":{"allow":["GET"]}}],"collection":[{"href":"https:\/\/vagas.portalemprego.com.br\/index.php?rest_route=\/wp\/v2\/posts"}],"about":[{"href":"https:\/\/vagas.portalemprego.com.br\/index.php?rest_route=\/wp\/v2\/types\/post"}],"author":[{"embeddable":true,"href":"https:\/\/vagas.portalemprego.com.br\/index.php?rest_route=\/wp\/v2\/users\/1"}],"replies":[{"embeddable":true,"href":"https:\/\/vagas.portalemprego.com.br\/index.php?rest_route=%2Fwp%2Fv2%2Fcomments&post=4831"}],"version-history":[{"count":0,"href":"https:\/\/vagas.portalemprego.com.br\/index.php?rest_route=\/wp\/v2\/posts\/4831\/revisions"}],"wp:attachment":[{"href":"https:\/\/vagas.portalemprego.com.br\/index.php?rest_route=%2Fwp%2Fv2%2Fmedia&parent=4831"}],"wp:term":[{"taxonomy":"category","embeddable":true,"href":"https:\/\/vagas.portalemprego.com.br\/index.php?rest_route=%2Fwp%2Fv2%2Fcategories&post=4831"},{"taxonomy":"post_tag","embeddable":true,"href":"https:\/\/vagas.portalemprego.com.br\/index.php?rest_route=%2Fwp%2Fv2%2Ftags&post=4831"}],"curies":[{"name":"wp","href":"https:\/\/api.w.org\/{rel}","templated":true}]}}