{"id":4832,"date":"2026-04-29T06:13:13","date_gmt":"2026-04-29T09:13:13","guid":{"rendered":"https:\/\/vagas.portalemprego.com.br\/?p=4832"},"modified":"2026-04-29T06:13:13","modified_gmt":"2026-04-29T09:13:13","slug":"corretor-de-imoveis-mrv-comercial-vendas-rio-de-janeiro","status":"publish","type":"post","link":"https:\/\/vagas.portalemprego.com.br\/?p=4832","title":{"rendered":"Corretor de Im\u00f3veis MRV &#8211; Comercial, Vendas &#8211; Rio de Janeiro"},"content":{"rendered":"<p>Oportunidade de carreira na MRV &amp; CO como Corretor de Im\u00f3veis<br \/>\nEstamos em busca de um profissional din\u00e2mico e com experi\u00eancia no mercado imobili\u00e1rio para se juntar \u00e0 nossa equipe como Corretor de Im\u00f3veis. Se voc\u00ea tem paix\u00e3o pelo setor imobili\u00e1rio e busca um ambiente de trabalho que valorize seu talento e comprometimento, esta \u00e9 a oportunidade perfeita para voc\u00ea.<br \/>\nComo Corretor de Im\u00f3veis na MRV &amp; CO, voc\u00ea ser\u00e1 respons\u00e1vel por atuar na venda de nossos empreendimentos residenciais, garantindo a satisfa\u00e7\u00e3o e o sucesso de nossos clientes. Seu papel ser\u00e1 fundamental para o crescimento e a expans\u00e3o de nossa marca, trabalhando em estreita colabora\u00e7\u00e3o com a equipe de marketing e vendas para alcan\u00e7ar metas desafiadoras.<br \/>\nExperi\u00eancia pr\u00e9via em vendas de im\u00f3veis \u00e9 um diferencial importante, assim como habilidades de comunica\u00e7\u00e3o e negocia\u00e7\u00e3o. Al\u00e9m disso, voc\u00ea deve ter uma boa presen\u00e7a de palco, capacidade de encantar clientes e uma mentalidade orientada para resultados. Oportunidades de treinamento e desenvolvimento est\u00e3o dispon\u00edveis para que voc\u00ea possa aprimorar suas habilidades e se destacar ainda mais em seu trabalho.<br \/>\nA MRV &amp; CO oferece um ambiente de trabalho inspirador, com benef\u00edcios competitivos e um time de profissionais comprometidos em criar experi\u00eancias imobili\u00e1rias inesquec\u00edveis. Se voc\u00ea est\u00e1 pronto para fazer parte de uma equipe que valoriza o trabalho \u00e1rduo e a excel\u00eancia, candidate-se agora e fa\u00e7a parte dessa jornada de sucesso!<br \/>\nJunte-se a n\u00f3s e fa\u00e7a parte de uma empresa que transforma sonhos em realidades. A MRV &amp; CO est\u00e1 \u00e0 espera do seu talento para continuar a expandir e inovar no mercado imobili\u00e1rio. Venha construir um futuro brilhante conosco!<\/p>\n<ul>\n<li>N\u00famero de vagas: 15<\/li>\n<li>Local de trabalho: Rio de Janeiro, RJ<\/li>\n<li>Regime de contrata\u00e7\u00e3o de tipo: Prestador de Servi\u00e7os (PJ)<\/li>\n<li>Jornada: Per\u00edodo Integral<\/li>\n<li>\u00c1rea e especializa\u00e7\u00e3o profissional: Comercial, Vendas &#8211; Corretagem<\/li>\n<li>N\u00edvel hier\u00e1rquico: Consultor<\/li>\n<\/ul>\n<p>VALORIZADO<\/p>\n<p>Tempo de experi\u00eancia: Entre 1 e 3 anos<\/p>\n<p>Escolaridade M\u00ednima: Ensino M\u00e9dio (2\u00ba Grau)<\/p>\n","protected":false},"excerpt":{"rendered":"<p>Oportunidade de carreira na MRV &amp; CO como Corretor de Im\u00f3veis Estamos em busca de um profissional din\u00e2mico e com experi\u00eancia no mercado imobili\u00e1rio para se juntar \u00e0 nossa equipe como Corretor de Im\u00f3veis. Se voc\u00ea tem paix\u00e3o pelo setor imobili\u00e1rio e busca um ambiente de trabalho que valorize seu talento e comprometimento, esta \u00e9 [&hellip;]<\/p>\n","protected":false},"author":1,"featured_media":0,"comment_status":"open","ping_status":"open","sticky":false,"template":"","format":"standard","meta":{"footnotes":""},"categories":[21],"tags":[],"class_list":["post-4832","post","type-post","status-publish","format-standard","hentry","category-rio-de-janeiro-rj"],"_links":{"self":[{"href":"https:\/\/vagas.portalemprego.com.br\/index.php?rest_route=\/wp\/v2\/posts\/4832","targetHints":{"allow":["GET"]}}],"collection":[{"href":"https:\/\/vagas.portalemprego.com.br\/index.php?rest_route=\/wp\/v2\/posts"}],"about":[{"href":"https:\/\/vagas.portalemprego.com.br\/index.php?rest_route=\/wp\/v2\/types\/post"}],"author":[{"embeddable":true,"href":"https:\/\/vagas.portalemprego.com.br\/index.php?rest_route=\/wp\/v2\/users\/1"}],"replies":[{"embeddable":true,"href":"https:\/\/vagas.portalemprego.com.br\/index.php?rest_route=%2Fwp%2Fv2%2Fcomments&post=4832"}],"version-history":[{"count":0,"href":"https:\/\/vagas.portalemprego.com.br\/index.php?rest_route=\/wp\/v2\/posts\/4832\/revisions"}],"wp:attachment":[{"href":"https:\/\/vagas.portalemprego.com.br\/index.php?rest_route=%2Fwp%2Fv2%2Fmedia&parent=4832"}],"wp:term":[{"taxonomy":"category","embeddable":true,"href":"https:\/\/vagas.portalemprego.com.br\/index.php?rest_route=%2Fwp%2Fv2%2Fcategories&post=4832"},{"taxonomy":"post_tag","embeddable":true,"href":"https:\/\/vagas.portalemprego.com.br\/index.php?rest_route=%2Fwp%2Fv2%2Ftags&post=4832"}],"curies":[{"name":"wp","href":"https:\/\/api.w.org\/{rel}","templated":true}]}}