{"id":4834,"date":"2026-04-29T06:13:13","date_gmt":"2026-04-29T09:13:13","guid":{"rendered":"https:\/\/vagas.portalemprego.com.br\/?p=4834"},"modified":"2026-04-29T06:13:13","modified_gmt":"2026-04-29T09:13:13","slug":"analista-de-ti-sap-hana-jr-pl-sr-informatica-ti-telecomunicacoes-rio-de-janeiro","status":"publish","type":"post","link":"https:\/\/vagas.portalemprego.com.br\/?p=4834","title":{"rendered":"Analista de TI \u2013 SAP HANA (Jr | Pl | Sr) &#8211; Inform\u00e1tica, TI, Telecomunica\u00e7\u00f5es &#8211; Rio de Janeiro"},"content":{"rendered":"<p>Estamos em busca de profissionais de TI com experi\u00eancia em SAP HANA \/ S\/4HANA para atua\u00e7\u00e3o em projeto estrat\u00e9gico, em um ambiente din\u00e2mico, colaborativo e com desafios t\u00e9cnicos relevantes.<br \/>\nA posi\u00e7\u00e3o \u00e9 ideal para quem deseja evoluir tecnicamente, atuar em projetos estruturados e fazer parte de um time que valoriza qualidade, boas pr\u00e1ticas e desenvolvimento cont\u00ednuo.<br \/>\n?? Principais responsabilidades<br \/>\nAtuar no suporte, manuten\u00e7\u00e3o e evolu\u00e7\u00e3o de ambientes SAP HANA \/ S\/4HANA<br \/>\nApoiar ou conduzir atividades relacionadas a projetos, melhorias e sustenta\u00e7\u00e3o<br \/>\nParticipar de an\u00e1lises t\u00e9cnicas, testes, ajustes e valida\u00e7\u00f5es de solu\u00e7\u00f5es SAP<br \/>\nInteragir com \u00e1reas de neg\u00f3cio, parceiros e times t\u00e9cnicos<br \/>\nContribuir com boas pr\u00e1ticas, documenta\u00e7\u00e3o e melhoria cont\u00ednua dos processos<br \/>\n(Para n\u00edveis mais s\u00eaniores) Atuar como refer\u00eancia t\u00e9cnica e apoiar a tomada de decis\u00f5es<br \/>\n?? Requisitos t\u00e9cnicos (conforme senioridade)<br \/>\nExperi\u00eancia com SAP HANA e\/ou S\/4HANA<br \/>\nViv\u00eancia em ambientes de projeto ou AMS<br \/>\nConhecimento em integra\u00e7\u00f5es, performance ou arquitetura SAP ser\u00e1 um diferencial<br \/>\nCapacidade anal\u00edtica, organiza\u00e7\u00e3o e boa comunica\u00e7\u00e3o<br \/>\nIngl\u00eas ser\u00e1 considerado diferencial (principalmente para n\u00edveis Pl\/Sr)<\/p>\n<ul>\n<li>N\u00famero de vagas: 5<\/li>\n<li>Local de trabalho: Rio de Janeiro, RJ<\/li>\n<li>Regime de contrata\u00e7\u00e3o de tipo: Outros<\/li>\n<li>Jornada: Per\u00edodo Integral<\/li>\n<li>\u00c1rea e especializa\u00e7\u00e3o profissional: Inform\u00e1tica, TI, Telecomunica\u00e7\u00f5es &#8211; ERP \/ CRM \/ Sistemas Integrados<\/li>\n<li>N\u00edvel hier\u00e1rquico: Analista<\/li>\n<\/ul>\n<p>Escolaridade M\u00ednima: Ensino Superior<\/p>\n<ul>\n<li>Vale-refei\u00e7\u00e3o<\/li>\n<li>Seguro de Vida<\/li>\n<li>Convenio Odontologico<\/li>\n<li>Convenio Medico<\/li>\n<\/ul>\n<p>Sal\u00e1rio: 15000,0<\/p>\n","protected":false},"excerpt":{"rendered":"<p>Estamos em busca de profissionais de TI com experi\u00eancia em SAP HANA \/ S\/4HANA para atua\u00e7\u00e3o em projeto estrat\u00e9gico, em um ambiente din\u00e2mico, colaborativo e com desafios t\u00e9cnicos relevantes. A posi\u00e7\u00e3o \u00e9 ideal para quem deseja evoluir tecnicamente, atuar em projetos estruturados e fazer parte de um time que valoriza qualidade, boas pr\u00e1ticas e desenvolvimento [&hellip;]<\/p>\n","protected":false},"author":1,"featured_media":0,"comment_status":"open","ping_status":"open","sticky":false,"template":"","format":"standard","meta":{"footnotes":""},"categories":[21],"tags":[],"class_list":["post-4834","post","type-post","status-publish","format-standard","hentry","category-rio-de-janeiro-rj"],"_links":{"self":[{"href":"https:\/\/vagas.portalemprego.com.br\/index.php?rest_route=\/wp\/v2\/posts\/4834","targetHints":{"allow":["GET"]}}],"collection":[{"href":"https:\/\/vagas.portalemprego.com.br\/index.php?rest_route=\/wp\/v2\/posts"}],"about":[{"href":"https:\/\/vagas.portalemprego.com.br\/index.php?rest_route=\/wp\/v2\/types\/post"}],"author":[{"embeddable":true,"href":"https:\/\/vagas.portalemprego.com.br\/index.php?rest_route=\/wp\/v2\/users\/1"}],"replies":[{"embeddable":true,"href":"https:\/\/vagas.portalemprego.com.br\/index.php?rest_route=%2Fwp%2Fv2%2Fcomments&post=4834"}],"version-history":[{"count":0,"href":"https:\/\/vagas.portalemprego.com.br\/index.php?rest_route=\/wp\/v2\/posts\/4834\/revisions"}],"wp:attachment":[{"href":"https:\/\/vagas.portalemprego.com.br\/index.php?rest_route=%2Fwp%2Fv2%2Fmedia&parent=4834"}],"wp:term":[{"taxonomy":"category","embeddable":true,"href":"https:\/\/vagas.portalemprego.com.br\/index.php?rest_route=%2Fwp%2Fv2%2Fcategories&post=4834"},{"taxonomy":"post_tag","embeddable":true,"href":"https:\/\/vagas.portalemprego.com.br\/index.php?rest_route=%2Fwp%2Fv2%2Ftags&post=4834"}],"curies":[{"name":"wp","href":"https:\/\/api.w.org\/{rel}","templated":true}]}}