{"id":4841,"date":"2026-04-29T06:13:13","date_gmt":"2026-04-29T09:13:13","guid":{"rendered":"https:\/\/vagas.portalemprego.com.br\/?p=4841"},"modified":"2026-04-29T06:13:13","modified_gmt":"2026-04-29T09:13:13","slug":"tecnico-de-farmacia-saude-campos-dos-goytacazes","status":"publish","type":"post","link":"https:\/\/vagas.portalemprego.com.br\/?p=4841","title":{"rendered":"T\u00e9cnico de Farm\u00e1cia &#8211; Sa\u00fade &#8211; Campos dos Goytacazes"},"content":{"rendered":"<p>Estamos em busca de um T\u00e9cnico de Farm\u00e1cia para se juntar \u00e0 nossa equipe na UNIMED DE CAMPOS COOPERATIVA DE TRABALHO MEDICO.<br \/>\nComo parte dessa miss\u00e3o, voc\u00ea ser\u00e1 respons\u00e1vel por garantir que todos os medicamentos e produtos farmac\u00eauticos estejam dispon\u00edveis, seguros e de qualidade para nossos pacientes.<br \/>\nSeu trabalho ser\u00e1 fundamental para o bom funcionamento da farm\u00e1cia e para a assist\u00eancia farmac\u00eautica que oferecemos aos nossos clientes.<\/p>\n<p>Voc\u00ea deve ter forma\u00e7\u00e3o t\u00e9cnica em Farm\u00e1cia e estar habilitado para atuar na \u00e1rea.<br \/>\nExperi\u00eancia em farm\u00e1cias cl\u00ednicas ou hospitalares \u00e9 um diferencial.<br \/>\nAl\u00e9m disso, \u00e9 essencial que voc\u00ea demonstre habilidades de organiza\u00e7\u00e3o, aten\u00e7\u00e3o aos detalhes e capacidade de trabalhar em um ambiente de alta demanda.<\/p>\n<p>Nossa cooperativa valoriza profissionais comprometidos com a excel\u00eancia e que buscam melhorar continuamente a qualidade do atendimento.<br \/>\nVoc\u00ea ser\u00e1 respons\u00e1vel por controlar estoques, receber e armazenar medicamentos, preparar receitas sob orienta\u00e7\u00e3o m\u00e9dica, e garantir a conformidade com as normas regulat\u00f3rias.<br \/>\nTamb\u00e9m dever\u00e1 colaborar com a equipe de sa\u00fade para garantir que os medicamentos sejam dispensados<br \/>\ncorretamente e de forma segura.<\/p>\n<p>Compet\u00eancias comportamentais: <\/p>\n<p>&#8211; Intercoopera\u00e7\u00e3o<br \/>\n&#8211; Foco no Cliente<br \/>\n&#8211; Foco nos Resultados<br \/>\n&#8211; Melhoria Cont\u00ednua<br \/>\n&#8211; Gest\u00e3o do Conhecimento<br \/>\n&#8211; Comunica\u00e7\u00e3o<br \/>\n&#8211; Intelig\u00eancia Emocional<br \/>\n&#8211; Atua\u00e7\u00e3o Sist\u00eamica<br \/>\n&#8211; Foco em Seguran\u00e7a<br \/>\n&#8211; Assumir Responsabilidade<\/p>\n<p>Se voc\u00ea \u00e9 algu\u00e9m que se orgulha de seu trabalho e tem um forte senso de responsabilidade, esta \u00e9 uma oportunidade para voc\u00ea se destacar.<br \/>\nJunte-se \u00e0 nossa equipe e contribua para o bem-estar dos nossos pacientes com seu conhecimento e dedica\u00e7\u00e3o.<\/p>\n<p>Interessados devem enviar seu curr\u00edculo para a vaga dispon\u00edvel.<br \/>\nA UNIMED DE CAMPOS COOPERATIVA DE TRABALHO MEDICO oferece um ambiente de trabalho desafiador e gratificante, com oportunidades de crescimento profissional e desenvolvimento cont\u00ednuo.<\/p>\n<ul>\n<li>Local de trabalho: Campos dos Goytacazes, RJ<\/li>\n<li>Regime de contrata\u00e7\u00e3o de tipo: Efetivo \u2013 CLT<\/li>\n<li>Jornada: Per\u00edodo Integral<\/li>\n<li>\u00c1rea e especializa\u00e7\u00e3o profissional: Sa\u00fade &#8211; Farm\u00e1cia<\/li>\n<li>N\u00edvel hier\u00e1rquico: Assistente<\/li>\n<\/ul>\n<p>Escolaridade M\u00ednima: Curso T\u00e9cnico<\/p>\n<ul>\n<li>DayOff Anivers\u00e1rio<\/li>\n<li>Wellhub<\/li>\n<li>Plano odontol\u00f3gico<\/li>\n<li>Vale Alimenta\u00e7\u00e3o<\/li>\n<li>Plano de Sa\u00fade<\/li>\n<\/ul>\n","protected":false},"excerpt":{"rendered":"<p>Estamos em busca de um T\u00e9cnico de Farm\u00e1cia para se juntar \u00e0 nossa equipe na UNIMED DE CAMPOS COOPERATIVA DE TRABALHO MEDICO. Como parte dessa miss\u00e3o, voc\u00ea ser\u00e1 respons\u00e1vel por garantir que todos os medicamentos e produtos farmac\u00eauticos estejam dispon\u00edveis, seguros e de qualidade para nossos pacientes. Seu trabalho ser\u00e1 fundamental para o bom funcionamento [&hellip;]<\/p>\n","protected":false},"author":1,"featured_media":0,"comment_status":"open","ping_status":"open","sticky":false,"template":"","format":"standard","meta":{"footnotes":""},"categories":[21],"tags":[],"class_list":["post-4841","post","type-post","status-publish","format-standard","hentry","category-rio-de-janeiro-rj"],"_links":{"self":[{"href":"https:\/\/vagas.portalemprego.com.br\/index.php?rest_route=\/wp\/v2\/posts\/4841","targetHints":{"allow":["GET"]}}],"collection":[{"href":"https:\/\/vagas.portalemprego.com.br\/index.php?rest_route=\/wp\/v2\/posts"}],"about":[{"href":"https:\/\/vagas.portalemprego.com.br\/index.php?rest_route=\/wp\/v2\/types\/post"}],"author":[{"embeddable":true,"href":"https:\/\/vagas.portalemprego.com.br\/index.php?rest_route=\/wp\/v2\/users\/1"}],"replies":[{"embeddable":true,"href":"https:\/\/vagas.portalemprego.com.br\/index.php?rest_route=%2Fwp%2Fv2%2Fcomments&post=4841"}],"version-history":[{"count":0,"href":"https:\/\/vagas.portalemprego.com.br\/index.php?rest_route=\/wp\/v2\/posts\/4841\/revisions"}],"wp:attachment":[{"href":"https:\/\/vagas.portalemprego.com.br\/index.php?rest_route=%2Fwp%2Fv2%2Fmedia&parent=4841"}],"wp:term":[{"taxonomy":"category","embeddable":true,"href":"https:\/\/vagas.portalemprego.com.br\/index.php?rest_route=%2Fwp%2Fv2%2Fcategories&post=4841"},{"taxonomy":"post_tag","embeddable":true,"href":"https:\/\/vagas.portalemprego.com.br\/index.php?rest_route=%2Fwp%2Fv2%2Ftags&post=4841"}],"curies":[{"name":"wp","href":"https:\/\/api.w.org\/{rel}","templated":true}]}}