{"id":4842,"date":"2026-04-29T06:13:13","date_gmt":"2026-04-29T09:13:13","guid":{"rendered":"https:\/\/vagas.portalemprego.com.br\/?p=4842"},"modified":"2026-04-29T06:13:13","modified_gmt":"2026-04-29T09:13:13","slug":"auxiliar-de-cozinha-iraja-rj-alimentacao-gastronomia-rio-de-janeiro","status":"publish","type":"post","link":"https:\/\/vagas.portalemprego.com.br\/?p=4842","title":{"rendered":"Auxiliar de cozinha &#8211; Iraj\u00e1 RJ &#8211; Alimenta\u00e7\u00e3o \/ Gastronomia &#8211; Rio de Janeiro"},"content":{"rendered":"<p>Vaga:\u00a0Auxiliar\u00a0de\u00a0Cozinha\u00a0\u2013\u00a0Habib\u2019s<br \/>\nLocal:\u00a0Av.\u00a0Monsenhor\u00a0F\u00e9lix,\u00a01200\u00a0&#8211;\u00a0Iraj\u00e1,\u00a0Rio\u00a0de\u00a0Janeiro\u00a0&#8211;\u00a0RJ,\u00a021235-111<br \/>\nQuantidade\u00a0de\u00a0vagas:\u00a01<br \/>\nSal\u00e1rio:\u00a0R$\u00a01.526,00<br \/>\nHor\u00e1rio:\u00a0Das\u00a016h\u00a0\u00e0s\u00a000h<br \/>\nBenef\u00edcios:\u00a0Vale-transporte\u00a0e\u00a0refei\u00e7\u00e3o\u00a0no\u00a0local<br \/>\nDescri\u00e7\u00e3o:<br \/>\nO\u00a0Habib\u2019s\u00a0est\u00e1\u00a0contratando\u00a0Auxiliar\u00a0de\u00a0Cozinha\u00a0para\u00a0apoiar\u00a0no\u00a0preparo\u00a0de\u00a0pratos,\u00a0salgados\u00a0e\u00a0sobremesas,\u00a0al\u00e9m\u00a0de\u00a0manter\u00a0a\u00a0cozinha\u00a0organizada\u00a0e\u00a0limpa.\u00a0Buscamos\u00a0pessoas\u00a0comprometidas,\u00a0\u00e1geis\u00a0e\u00a0com\u00a0vontade\u00a0de\u00a0crescer\u00a0na\u00a0equipe.\u00a0Experi\u00eancia\u00a0em\u00a0fast-food\u00a0\u00e9\u00a0um\u00a0diferencial,\u00a0mas\u00a0n\u00e3o\u00a0obrigat\u00f3ria.<\/p>\n<ul>\n<li>Local de trabalho: Rio de Janeiro, RJ<\/li>\n<li>Regime de contrata\u00e7\u00e3o de tipo: Efetivo \u2013 CLT<\/li>\n<li>Jornada: Parcial manh\u00e3s<\/li>\n<li>\u00c1rea e especializa\u00e7\u00e3o profissional: Alimenta\u00e7\u00e3o \/ Gastronomia &#8211; Atendente \/ Recep\u00e7\u00e3o \/ Gar\u00e7om<\/li>\n<li>N\u00edvel hier\u00e1rquico: Auxiliar<\/li>\n<\/ul>\n<p>Escolaridade M\u00ednima: Ensino Fundamental (1\u00ba grau)<\/p>\n<p>Sal\u00e1rio: 1526,0<\/p>\n","protected":false},"excerpt":{"rendered":"<p>Vaga:\u00a0Auxiliar\u00a0de\u00a0Cozinha\u00a0\u2013\u00a0Habib\u2019s Local:\u00a0Av.\u00a0Monsenhor\u00a0F\u00e9lix,\u00a01200\u00a0&#8211;\u00a0Iraj\u00e1,\u00a0Rio\u00a0de\u00a0Janeiro\u00a0&#8211;\u00a0RJ,\u00a021235-111 Quantidade\u00a0de\u00a0vagas:\u00a01 Sal\u00e1rio:\u00a0R$\u00a01.526,00 Hor\u00e1rio:\u00a0Das\u00a016h\u00a0\u00e0s\u00a000h Benef\u00edcios:\u00a0Vale-transporte\u00a0e\u00a0refei\u00e7\u00e3o\u00a0no\u00a0local Descri\u00e7\u00e3o: O\u00a0Habib\u2019s\u00a0est\u00e1\u00a0contratando\u00a0Auxiliar\u00a0de\u00a0Cozinha\u00a0para\u00a0apoiar\u00a0no\u00a0preparo\u00a0de\u00a0pratos,\u00a0salgados\u00a0e\u00a0sobremesas,\u00a0al\u00e9m\u00a0de\u00a0manter\u00a0a\u00a0cozinha\u00a0organizada\u00a0e\u00a0limpa.\u00a0Buscamos\u00a0pessoas\u00a0comprometidas,\u00a0\u00e1geis\u00a0e\u00a0com\u00a0vontade\u00a0de\u00a0crescer\u00a0na\u00a0equipe.\u00a0Experi\u00eancia\u00a0em\u00a0fast-food\u00a0\u00e9\u00a0um\u00a0diferencial,\u00a0mas\u00a0n\u00e3o\u00a0obrigat\u00f3ria. Local de trabalho: Rio de Janeiro, RJ Regime de contrata\u00e7\u00e3o de tipo: Efetivo \u2013 CLT Jornada: Parcial manh\u00e3s \u00c1rea e especializa\u00e7\u00e3o profissional: Alimenta\u00e7\u00e3o \/ Gastronomia &#8211; Atendente \/ Recep\u00e7\u00e3o \/ Gar\u00e7om N\u00edvel hier\u00e1rquico: Auxiliar Escolaridade M\u00ednima: Ensino Fundamental (1\u00ba grau) Sal\u00e1rio: 1526,0<\/p>\n","protected":false},"author":1,"featured_media":0,"comment_status":"open","ping_status":"open","sticky":false,"template":"","format":"standard","meta":{"footnotes":""},"categories":[21],"tags":[],"class_list":["post-4842","post","type-post","status-publish","format-standard","hentry","category-rio-de-janeiro-rj"],"_links":{"self":[{"href":"https:\/\/vagas.portalemprego.com.br\/index.php?rest_route=\/wp\/v2\/posts\/4842","targetHints":{"allow":["GET"]}}],"collection":[{"href":"https:\/\/vagas.portalemprego.com.br\/index.php?rest_route=\/wp\/v2\/posts"}],"about":[{"href":"https:\/\/vagas.portalemprego.com.br\/index.php?rest_route=\/wp\/v2\/types\/post"}],"author":[{"embeddable":true,"href":"https:\/\/vagas.portalemprego.com.br\/index.php?rest_route=\/wp\/v2\/users\/1"}],"replies":[{"embeddable":true,"href":"https:\/\/vagas.portalemprego.com.br\/index.php?rest_route=%2Fwp%2Fv2%2Fcomments&post=4842"}],"version-history":[{"count":0,"href":"https:\/\/vagas.portalemprego.com.br\/index.php?rest_route=\/wp\/v2\/posts\/4842\/revisions"}],"wp:attachment":[{"href":"https:\/\/vagas.portalemprego.com.br\/index.php?rest_route=%2Fwp%2Fv2%2Fmedia&parent=4842"}],"wp:term":[{"taxonomy":"category","embeddable":true,"href":"https:\/\/vagas.portalemprego.com.br\/index.php?rest_route=%2Fwp%2Fv2%2Fcategories&post=4842"},{"taxonomy":"post_tag","embeddable":true,"href":"https:\/\/vagas.portalemprego.com.br\/index.php?rest_route=%2Fwp%2Fv2%2Ftags&post=4842"}],"curies":[{"name":"wp","href":"https:\/\/api.w.org\/{rel}","templated":true}]}}