{"id":4843,"date":"2026-04-29T06:13:13","date_gmt":"2026-04-29T09:13:13","guid":{"rendered":"https:\/\/vagas.portalemprego.com.br\/?p=4843"},"modified":"2026-04-29T06:13:13","modified_gmt":"2026-04-29T09:13:13","slug":"auxiliar-de-servicos-gerais-servicos-gerais-rio-de-janeiro-66","status":"publish","type":"post","link":"https:\/\/vagas.portalemprego.com.br\/?p=4843","title":{"rendered":"Auxiliar de Servi\u00e7os Gerais &#8211; Servi\u00e7os Gerais &#8211; Rio de Janeiro"},"content":{"rendered":"<p>Estamos em busca de um Auxiliar de Servi\u00e7os Gerais para se juntar \u00e0 nossa equipe no AEC CENTRO DE CONTATOS.<br \/>\nEste \u00e9 um papel fundamental que contribui para manter nosso ambiente de trabalho limpo, organizado e eficiente.<br \/>\nComo Auxiliar de Servi\u00e7os Gerais, voc\u00ea ser\u00e1 respons\u00e1vel por uma variedade de tarefas que ajudam a garantir o bom funcionamento di\u00e1rio do nosso centro de contatos.<\/p>\n<p>Sua principal fun\u00e7\u00e3o ser\u00e1 manter a limpeza e organiza\u00e7\u00e3o dos espa\u00e7os de trabalho, incluindo salas de espera, escrit\u00f3rios e \u00e1reas comuns.<br \/>\nAl\u00e9m disso, voc\u00ea ajudar\u00e1 na manuten\u00e7\u00e3o de suprimentos b\u00e1sicos, como papel higi\u00eanico, sacos de lixo e produtos de limpeza.<br \/>\nTamb\u00e9m ser\u00e1 respons\u00e1vel por realizar pequenos reparos e reportar quaisquer problemas de manuten\u00e7\u00e3o para os supervisores.<\/p>\n<p>Experi\u00eancia pr\u00e9via em servi\u00e7os gerais ou trabalhos similares \u00e9 um plus, mas n\u00e3o \u00e9 necess\u00e1rio.<br \/>\nO que \u00e9 essencial \u00e9 sua aten\u00e7\u00e3o aos detalhes, capacidade de trabalhar em equipe e comprometimento com um ambiente de trabalho limpo e profissional.<\/p>\n<p>Se voc\u00ea \u00e9 uma pessoa organizada, proativa e tem um forte senso de responsabilidade, esta oportunidade pode ser perfeita para voc\u00ea.<br \/>\nEstamos procurando algu\u00e9m que possa se adaptar rapidamente e trabalhar de forma eficiente em um ambiente din\u00e2mico.<\/p>\n<p>Junte-se a n\u00f3s e fa\u00e7a parte de uma equipe dedicada que se esfor\u00e7a para proporcionar um ambiente de trabalho agrad\u00e1vel e eficiente para todos.<br \/>\nSe voc\u00ea est\u00e1 procurando uma oportunidade para desenvolver suas habilidades de organiza\u00e7\u00e3o e manuten\u00e7\u00e3o, esta \u00e9 a chance perfeita.<\/p>\n<p>Aplicar para esta posi\u00e7\u00e3o \u00e9 uma oportunidade de contribuir para um ambiente de trabalho positivo e colaborar com uma equipe dedicada.<br \/>\nVenha ser parte da nossa equipe e ajudar a manter nosso centro de contatos em \u00f3timas condi\u00e7\u00f5es.<\/p>\n<ul>\n<li>Local de trabalho: Rio de Janeiro, RJ<\/li>\n<li>Regime de contrata\u00e7\u00e3o de tipo: Efetivo \u2013 CLT<\/li>\n<li>Jornada: Per\u00edodo Integral<\/li>\n<li>\u00c1rea e especializa\u00e7\u00e3o profissional: Servi\u00e7os Gerais &#8211; Limpeza<\/li>\n<li>N\u00edvel hier\u00e1rquico: Auxiliar<\/li>\n<\/ul>\n<p>VALORIZADO<\/p>\n<p>Tempo de experi\u00eancia: Entre 1 e 3 anos<\/p>\n<p>Escolaridade M\u00ednima: Ensino Fundamental (1\u00ba grau)<\/p>\n<p>Sal\u00e1rio: 1518,0<\/p>\n","protected":false},"excerpt":{"rendered":"<p>Estamos em busca de um Auxiliar de Servi\u00e7os Gerais para se juntar \u00e0 nossa equipe no AEC CENTRO DE CONTATOS. Este \u00e9 um papel fundamental que contribui para manter nosso ambiente de trabalho limpo, organizado e eficiente. Como Auxiliar de Servi\u00e7os Gerais, voc\u00ea ser\u00e1 respons\u00e1vel por uma variedade de tarefas que ajudam a garantir o [&hellip;]<\/p>\n","protected":false},"author":1,"featured_media":0,"comment_status":"open","ping_status":"open","sticky":false,"template":"","format":"standard","meta":{"footnotes":""},"categories":[21],"tags":[],"class_list":["post-4843","post","type-post","status-publish","format-standard","hentry","category-rio-de-janeiro-rj"],"_links":{"self":[{"href":"https:\/\/vagas.portalemprego.com.br\/index.php?rest_route=\/wp\/v2\/posts\/4843","targetHints":{"allow":["GET"]}}],"collection":[{"href":"https:\/\/vagas.portalemprego.com.br\/index.php?rest_route=\/wp\/v2\/posts"}],"about":[{"href":"https:\/\/vagas.portalemprego.com.br\/index.php?rest_route=\/wp\/v2\/types\/post"}],"author":[{"embeddable":true,"href":"https:\/\/vagas.portalemprego.com.br\/index.php?rest_route=\/wp\/v2\/users\/1"}],"replies":[{"embeddable":true,"href":"https:\/\/vagas.portalemprego.com.br\/index.php?rest_route=%2Fwp%2Fv2%2Fcomments&post=4843"}],"version-history":[{"count":0,"href":"https:\/\/vagas.portalemprego.com.br\/index.php?rest_route=\/wp\/v2\/posts\/4843\/revisions"}],"wp:attachment":[{"href":"https:\/\/vagas.portalemprego.com.br\/index.php?rest_route=%2Fwp%2Fv2%2Fmedia&parent=4843"}],"wp:term":[{"taxonomy":"category","embeddable":true,"href":"https:\/\/vagas.portalemprego.com.br\/index.php?rest_route=%2Fwp%2Fv2%2Fcategories&post=4843"},{"taxonomy":"post_tag","embeddable":true,"href":"https:\/\/vagas.portalemprego.com.br\/index.php?rest_route=%2Fwp%2Fv2%2Ftags&post=4843"}],"curies":[{"name":"wp","href":"https:\/\/api.w.org\/{rel}","templated":true}]}}