{"id":4844,"date":"2026-04-29T06:14:14","date_gmt":"2026-04-29T09:14:14","guid":{"rendered":"https:\/\/vagas.portalemprego.com.br\/?p=4844"},"modified":"2026-04-29T06:14:14","modified_gmt":"2026-04-29T09:14:14","slug":"auxiliar-adm-de-pessoal-recursos-humanos-rio-de-janeiro","status":"publish","type":"post","link":"https:\/\/vagas.portalemprego.com.br\/?p=4844","title":{"rendered":"AUXILIAR ADM DE PESSOAL &#8211; Recursos Humanos &#8211; Rio de Janeiro"},"content":{"rendered":"<p>Oferta de emprego: Auxiliar Administrativo de Pessoal<\/p>\n<p>AEC Centro de Contatos, uma empresa l\u00edder no setor de atendimento ao cliente, est\u00e1 procurando um Auxiliar Administrativo de Pessoal para se juntar \u00e0 nossa equipe. Se voc\u00ea \u00e9 uma pessoa organizada, detalhista e est\u00e1 interessada em trabalhar em um ambiente din\u00e2mico, essa pode ser a oportunidade perfeita para voc\u00ea.<\/p>\n<p>Responsabilidades:<br \/>\n&#8211; Auxiliar no processo de admiss\u00e3o de novos funcion\u00e1rios, incluindo a coleta de documentos necess\u00e1rios e o preenchimento de formul\u00e1rios;<br \/>\n&#8211; Manter os registros dos funcion\u00e1rios atualizados e precisos, incluindo informa\u00e7\u00f5es pessoais, licen\u00e7as e certifica\u00e7\u00f5es;<br \/>\n&#8211; Realizar o controle de frequ\u00eancia dos funcion\u00e1rios, incluindo registro de horas, folgas e horas extras;<br \/>\n&#8211; Auxiliar na elabora\u00e7\u00e3o de relat\u00f3rios relacionados \u00e0 \u00e1rea de recursos humanos, como admiss\u00f5es, demiss\u00f5es e afastamentos;<br \/>\n&#8211; Apoiar na organiza\u00e7\u00e3o de treinamentos internos e externos, incluindo a comunica\u00e7\u00e3o com os participantes e o agendamento de salas;<br \/>\n&#8211; Prestar suporte aos funcion\u00e1rios em quest\u00f5es relacionadas \u00e0 folha de pagamento, benef\u00edcios e pol\u00edticas internas da empresa;<br \/>\n&#8211; Auxiliar na condu\u00e7\u00e3o de processos disciplinares, incluindo a coleta de evid\u00eancias e documenta\u00e7\u00e3o adequada;<br \/>\n&#8211; Manter a confidencialidade de todas as informa\u00e7\u00f5es relacionadas aos funcion\u00e1rios.<\/p>\n<p>Requisitos:<br \/>\n&#8211; Experi\u00eancia pr\u00e9via em uma fun\u00e7\u00e3o similar, preferencialmente em uma empresa com grande volume de funcion\u00e1rios;<br \/>\n&#8211; Conhecimento s\u00f3lido das pr\u00e1ticas de recursos humanos e das leis trabalhistas do pa\u00eds;<br \/>\n&#8211; Habilidade para trabalhar com sistemas de gerenciamento de informa\u00e7\u00f5es de funcion\u00e1rios;<br \/>\n&#8211; Capacidade de lidar com dados confidenciais com sensibilidade e discri\u00e7\u00e3o;<br \/>\n&#8211; Excelentes habilidades de comunica\u00e7\u00e3o verbal e escrita;<br \/>\n&#8211; Organiza\u00e7\u00e3o e aten\u00e7\u00e3o aos detalhes;<br \/>\n&#8211; Capacidade de lidar com v\u00e1rias tarefas ao mesmo tempo e cumprir prazos.<\/p>\n<p>Oferecemos um ambiente de trabalho acolhedor e colaborativo, oportunidades de crescimento profissional, sal\u00e1rio competitivo e benef\u00edcios atrativos.<\/p>\n<p>AEC Centro de Contatos valoriza a diversidade e proporciona oportunidades iguais de emprego. Todos os candidatos qualificados ser\u00e3o considerados, independentemente de ra\u00e7a, cor, religi\u00e3o, sexo, orienta\u00e7\u00e3o sexual, identidade de g\u00eanero, nacionalidade, defici\u00eancia ou estado civil.<\/p>\n<p>Agradecemos antecipadamente a todos os candidatos por seu interesse. Apenas entraremos em contato com os selecionados para uma entrevista.<\/p>\n<ul>\n<li>Local de trabalho: Rio de Janeiro, RJ<\/li>\n<li>Regime de contrata\u00e7\u00e3o de tipo: Efetivo \u2013 CLT<\/li>\n<li>Jornada: Per\u00edodo Integral<\/li>\n<li>\u00c1rea e especializa\u00e7\u00e3o profissional: Recursos Humanos &#8211; Departamento Pessoal<\/li>\n<li>N\u00edvel hier\u00e1rquico: Auxiliar<\/li>\n<\/ul>\n<p>VALORIZADO<\/p>\n<p>Tempo de experi\u00eancia: Menos de 1 ano<\/p>\n<p>Escolaridade M\u00ednima: Ensino Superior<\/p>\n<ul>\n<li>Entre outros&#8230;<\/li>\n<li>Aux\u00edlio creche<\/li>\n<li>Plano Odontol\u00f3gico<\/li>\n<li>Plano de Sa\u00fade<\/li>\n<li>Vale-transporte<\/li>\n<li>Vale-refei\u00e7\u00e3o<\/li>\n<\/ul>\n","protected":false},"excerpt":{"rendered":"<p>Oferta de emprego: Auxiliar Administrativo de Pessoal AEC Centro de Contatos, uma empresa l\u00edder no setor de atendimento ao cliente, est\u00e1 procurando um Auxiliar Administrativo de Pessoal para se juntar \u00e0 nossa equipe. Se voc\u00ea \u00e9 uma pessoa organizada, detalhista e est\u00e1 interessada em trabalhar em um ambiente din\u00e2mico, essa pode ser a oportunidade perfeita [&hellip;]<\/p>\n","protected":false},"author":1,"featured_media":0,"comment_status":"open","ping_status":"open","sticky":false,"template":"","format":"standard","meta":{"footnotes":""},"categories":[21],"tags":[],"class_list":["post-4844","post","type-post","status-publish","format-standard","hentry","category-rio-de-janeiro-rj"],"_links":{"self":[{"href":"https:\/\/vagas.portalemprego.com.br\/index.php?rest_route=\/wp\/v2\/posts\/4844","targetHints":{"allow":["GET"]}}],"collection":[{"href":"https:\/\/vagas.portalemprego.com.br\/index.php?rest_route=\/wp\/v2\/posts"}],"about":[{"href":"https:\/\/vagas.portalemprego.com.br\/index.php?rest_route=\/wp\/v2\/types\/post"}],"author":[{"embeddable":true,"href":"https:\/\/vagas.portalemprego.com.br\/index.php?rest_route=\/wp\/v2\/users\/1"}],"replies":[{"embeddable":true,"href":"https:\/\/vagas.portalemprego.com.br\/index.php?rest_route=%2Fwp%2Fv2%2Fcomments&post=4844"}],"version-history":[{"count":0,"href":"https:\/\/vagas.portalemprego.com.br\/index.php?rest_route=\/wp\/v2\/posts\/4844\/revisions"}],"wp:attachment":[{"href":"https:\/\/vagas.portalemprego.com.br\/index.php?rest_route=%2Fwp%2Fv2%2Fmedia&parent=4844"}],"wp:term":[{"taxonomy":"category","embeddable":true,"href":"https:\/\/vagas.portalemprego.com.br\/index.php?rest_route=%2Fwp%2Fv2%2Fcategories&post=4844"},{"taxonomy":"post_tag","embeddable":true,"href":"https:\/\/vagas.portalemprego.com.br\/index.php?rest_route=%2Fwp%2Fv2%2Ftags&post=4844"}],"curies":[{"name":"wp","href":"https:\/\/api.w.org\/{rel}","templated":true}]}}