{"id":4847,"date":"2026-04-29T06:14:14","date_gmt":"2026-04-29T09:14:14","guid":{"rendered":"https:\/\/vagas.portalemprego.com.br\/?p=4847"},"modified":"2026-04-29T06:14:14","modified_gmt":"2026-04-29T09:14:14","slug":"auxiliar-administrativo-administracao-rio-de-janeiro-15","status":"publish","type":"post","link":"https:\/\/vagas.portalemprego.com.br\/?p=4847","title":{"rendered":"Auxiliar Administrativo &#8211; Administra\u00e7\u00e3o &#8211; Rio de Janeiro"},"content":{"rendered":"<p>O Grupo GPS, com mais de 60 anos de experi\u00eancia, busca profissionais que compartilhem do nosso Esp\u00edrito de Servir.<br \/>\nMuito prazer, sou a Kethylyn, recrutadora do time! Venha fazer parte de uma equipe que valoriza a excel\u00eancia e a inova\u00e7\u00e3o!?<br \/>\n??Vaga:  AUXILIAR ADMINISTRATIVO (RH\/DP)<br \/>\n??Regi\u00e3o:   IND &#8211; CMO &#8211; GPS<br \/>\n??Endere\u00e7o: SAO CRISTOVAO, RIO DE JANEIRO, RJ \/ CEP: 20921440<br \/>\n??Sal\u00e1rio: R$: 1717.2<br \/>\n??Escala: SEGUNDA &#8211; SEXTA<br \/>\n??Hor\u00e1rio: 08:00 \u00e1s 18:00 horas<\/p>\n<p>??Benef\u00edcios:<br \/>\n-Vale Refei\u00e7\u00e3o: R$24 (Diario)<br \/>\n-Vale Alimenta\u00e7\u00e3o: R$144 (Mensal)<br \/>\n-Vale transporte: 6%<br \/>\n-Assist\u00eancia Medica<\/p>\n<p>??Atividades:<br \/>\n??Auxilia na rotina administrativa do CMO, organizando agendas, relat\u00f3rios e fluxos operacionais do departamento de Marketing. Realiza o controle de ponto e presta suporte em processos de Departamento Pessoal, garantindo a organiza\u00e7\u00e3o documental da \u00e1rea. Aplica conhecimentos de RH para otimizar a gest\u00e3o de pessoas e o atendimento \u00e0s demandas internas da equipe.<\/p>\n<p>??Requisitos:<br \/>\n-Ensino Fundamental Completo<br \/>\n-No\u00e7\u00f5es e experi\u00eancias anteriores nas fun\u00e7\u00f5es<br \/>\n-Organiza\u00e7\u00e3o, relacionamento interpessoal, boa flu\u00eancia.<br \/>\nTeria interesse? Se sim, me envie seu curr\u00edculo por gentileza??<\/p>\n<ul>\n<li>Local de trabalho: Rio de Janeiro, RJ<\/li>\n<li>Regime de contrata\u00e7\u00e3o de tipo: Efetivo \u2013 CLT<\/li>\n<li>Jornada: Per\u00edodo Integral<\/li>\n<li>\u00c1rea e especializa\u00e7\u00e3o profissional: Administra\u00e7\u00e3o &#8211; Administra\u00e7\u00e3o Geral<\/li>\n<li>N\u00edvel hier\u00e1rquico: Auxiliar<\/li>\n<\/ul>\n<p>VALORIZADO<\/p>\n<p>Tempo de experi\u00eancia: Menos de 1 ano<\/p>\n<p>Escolaridade M\u00ednima: Curso extra-curricular \/ Profissionalizante<\/p>\n<p>Sal\u00e1rio: 1717,2<\/p>\n","protected":false},"excerpt":{"rendered":"<p>O Grupo GPS, com mais de 60 anos de experi\u00eancia, busca profissionais que compartilhem do nosso Esp\u00edrito de Servir. Muito prazer, sou a Kethylyn, recrutadora do time! Venha fazer parte de uma equipe que valoriza a excel\u00eancia e a inova\u00e7\u00e3o!? ??Vaga: AUXILIAR ADMINISTRATIVO (RH\/DP) ??Regi\u00e3o: IND &#8211; CMO &#8211; GPS ??Endere\u00e7o: SAO CRISTOVAO, RIO DE [&hellip;]<\/p>\n","protected":false},"author":1,"featured_media":0,"comment_status":"open","ping_status":"open","sticky":false,"template":"","format":"standard","meta":{"footnotes":""},"categories":[21],"tags":[],"class_list":["post-4847","post","type-post","status-publish","format-standard","hentry","category-rio-de-janeiro-rj"],"_links":{"self":[{"href":"https:\/\/vagas.portalemprego.com.br\/index.php?rest_route=\/wp\/v2\/posts\/4847","targetHints":{"allow":["GET"]}}],"collection":[{"href":"https:\/\/vagas.portalemprego.com.br\/index.php?rest_route=\/wp\/v2\/posts"}],"about":[{"href":"https:\/\/vagas.portalemprego.com.br\/index.php?rest_route=\/wp\/v2\/types\/post"}],"author":[{"embeddable":true,"href":"https:\/\/vagas.portalemprego.com.br\/index.php?rest_route=\/wp\/v2\/users\/1"}],"replies":[{"embeddable":true,"href":"https:\/\/vagas.portalemprego.com.br\/index.php?rest_route=%2Fwp%2Fv2%2Fcomments&post=4847"}],"version-history":[{"count":0,"href":"https:\/\/vagas.portalemprego.com.br\/index.php?rest_route=\/wp\/v2\/posts\/4847\/revisions"}],"wp:attachment":[{"href":"https:\/\/vagas.portalemprego.com.br\/index.php?rest_route=%2Fwp%2Fv2%2Fmedia&parent=4847"}],"wp:term":[{"taxonomy":"category","embeddable":true,"href":"https:\/\/vagas.portalemprego.com.br\/index.php?rest_route=%2Fwp%2Fv2%2Fcategories&post=4847"},{"taxonomy":"post_tag","embeddable":true,"href":"https:\/\/vagas.portalemprego.com.br\/index.php?rest_route=%2Fwp%2Fv2%2Ftags&post=4847"}],"curies":[{"name":"wp","href":"https:\/\/api.w.org\/{rel}","templated":true}]}}