{"id":4848,"date":"2026-04-29T06:14:14","date_gmt":"2026-04-29T09:14:14","guid":{"rendered":"https:\/\/vagas.portalemprego.com.br\/?p=4848"},"modified":"2026-04-29T06:14:14","modified_gmt":"2026-04-29T09:14:14","slug":"atendente-temporario-comercial-vendas-petropolis","status":"publish","type":"post","link":"https:\/\/vagas.portalemprego.com.br\/?p=4848","title":{"rendered":"Atendente &#8211; Tempor\u00e1rio &#8211; Comercial, Vendas &#8211; Petr\u00f3polis"},"content":{"rendered":"<p>Atender bem, vender com alegria e encantar em cada detalhe!<br \/>\nNa Casas Pedro, buscamos pessoas animadas, proativas e apaixonadas por gente.<br \/>\nResumo da posi\u00e7\u00e3o:<br \/>\nRespons\u00e1vel por oferecer um atendimento encantador aos clientes, auxiliando nas escolhas de produtos, promovendo vendas e garantindo uma experi\u00eancia de compra acolhedora, \u00e1gil e eficiente. Atua tamb\u00e9m na organiza\u00e7\u00e3o da loja e reposi\u00e7\u00e3o de mercadorias, com foco na excel\u00eancia do atendimento e nos valores da Casas Pedro.<br \/>\nPrincipais atividades:<br \/>\nRecepcionar os clientes com simpatia, escuta ativa e cordialidade;<br \/>\nEntender as necessidades dos clientes e oferecer os produtos adequados, orientando quanto ao uso e \u00e0s caracter\u00edsticas;<br \/>\nAtuar de forma consultiva, promovendo o mix de produtos e estimulando vendas adicionais;<br \/>\nRealizar reposi\u00e7\u00e3o e organiza\u00e7\u00e3o das mercadorias nas prateleiras e g\u00f4ndolas;<br \/>\nManter o setor limpo, organizado e com boa apresenta\u00e7\u00e3o visual;<br \/>\nOperar equipamentos de consulta de pre\u00e7os, realizar registros no sistema quando necess\u00e1rio;<br \/>\nApoiar o time em tarefas diversas da loja, contribuindo para o bom funcionamento da opera\u00e7\u00e3o;<br \/>\nZelar pelo bom atendimento, acolhendo d\u00favidas, reclama\u00e7\u00f5es e sugest\u00f5es dos clientes;<br \/>\nCumprir metas de vendas e indicadores de atendimento entre outras atividades.<br \/>\nRequisitos:<br \/>\nEnsino m\u00e9dio;<br \/>\nExperi\u00eancia com atendimento ao p\u00fablico;<br \/>\nBoa comunica\u00e7\u00e3o, simpatia e agilidade;<br \/>\nProatividade, senso de responsabilidade e comprometimento.<br \/>\nDiferenciais:<br \/>\nExperi\u00eancia anterior em varejo aliment\u00edcio.<br \/>\nRemunera\u00e7\u00e3o + Benef\u00edcios:<br \/>\nSal\u00e1rio fixo + Premia\u00e7\u00e3o Mensal (conforme alcance das metas);<br \/>\nVale-Transporte (VT);<br \/>\nVale-Refei\u00e7\u00e3o ou Vale-Alimenta\u00e7\u00e3o;<br \/>\nAssist\u00eancia m\u00e9dica ;<br \/>\nPlano odontol\u00f3gica;<br \/>\nPLR semestral;<br \/>\nPlano de Carreira;<br \/>\nWelhurb.<br \/>\nCada atendimento \u00e9 uma nova oportunidade de encantar e fazer a diferen\u00e7a. Vem com a gente!<\/p>\n<ul>\n<li>Local de trabalho: Petr\u00f3polis, RJ<\/li>\n<li>Regime de contrata\u00e7\u00e3o de tipo: Efetivo \u2013 CLT<\/li>\n<li>Jornada: Per\u00edodo Integral<\/li>\n<li>\u00c1rea e especializa\u00e7\u00e3o profissional: Comercial, Vendas &#8211; Atendimento<\/li>\n<li>N\u00edvel hier\u00e1rquico: Operacional<\/li>\n<\/ul>\n<p>VALORIZADO<\/p>\n<p>Tempo de experi\u00eancia: Menos de 1 ano<\/p>\n<p>HABILIDADES<\/p>\n<ul>\n<li>Comunica\u00e7\u00e3o<\/li>\n<li>Iniciativa<\/li>\n<li>Proatividade<\/li>\n<\/ul>\n<p>Escolaridade M\u00ednima: Ensino M\u00e9dio (2\u00ba Grau)<\/p>\n","protected":false},"excerpt":{"rendered":"<p>Atender bem, vender com alegria e encantar em cada detalhe! Na Casas Pedro, buscamos pessoas animadas, proativas e apaixonadas por gente. Resumo da posi\u00e7\u00e3o: Respons\u00e1vel por oferecer um atendimento encantador aos clientes, auxiliando nas escolhas de produtos, promovendo vendas e garantindo uma experi\u00eancia de compra acolhedora, \u00e1gil e eficiente. Atua tamb\u00e9m na organiza\u00e7\u00e3o da loja [&hellip;]<\/p>\n","protected":false},"author":1,"featured_media":0,"comment_status":"open","ping_status":"open","sticky":false,"template":"","format":"standard","meta":{"footnotes":""},"categories":[21],"tags":[],"class_list":["post-4848","post","type-post","status-publish","format-standard","hentry","category-rio-de-janeiro-rj"],"_links":{"self":[{"href":"https:\/\/vagas.portalemprego.com.br\/index.php?rest_route=\/wp\/v2\/posts\/4848","targetHints":{"allow":["GET"]}}],"collection":[{"href":"https:\/\/vagas.portalemprego.com.br\/index.php?rest_route=\/wp\/v2\/posts"}],"about":[{"href":"https:\/\/vagas.portalemprego.com.br\/index.php?rest_route=\/wp\/v2\/types\/post"}],"author":[{"embeddable":true,"href":"https:\/\/vagas.portalemprego.com.br\/index.php?rest_route=\/wp\/v2\/users\/1"}],"replies":[{"embeddable":true,"href":"https:\/\/vagas.portalemprego.com.br\/index.php?rest_route=%2Fwp%2Fv2%2Fcomments&post=4848"}],"version-history":[{"count":0,"href":"https:\/\/vagas.portalemprego.com.br\/index.php?rest_route=\/wp\/v2\/posts\/4848\/revisions"}],"wp:attachment":[{"href":"https:\/\/vagas.portalemprego.com.br\/index.php?rest_route=%2Fwp%2Fv2%2Fmedia&parent=4848"}],"wp:term":[{"taxonomy":"category","embeddable":true,"href":"https:\/\/vagas.portalemprego.com.br\/index.php?rest_route=%2Fwp%2Fv2%2Fcategories&post=4848"},{"taxonomy":"post_tag","embeddable":true,"href":"https:\/\/vagas.portalemprego.com.br\/index.php?rest_route=%2Fwp%2Fv2%2Ftags&post=4848"}],"curies":[{"name":"wp","href":"https:\/\/api.w.org\/{rel}","templated":true}]}}