{"id":4849,"date":"2026-04-29T06:14:14","date_gmt":"2026-04-29T09:14:14","guid":{"rendered":"https:\/\/vagas.portalemprego.com.br\/?p=4849"},"modified":"2026-04-29T06:14:14","modified_gmt":"2026-04-29T09:14:14","slug":"auxiliar-de-cozinha-barra-da-tijuca-rj-alimentacao-gastronomia-rio-de-janeiro","status":"publish","type":"post","link":"https:\/\/vagas.portalemprego.com.br\/?p=4849","title":{"rendered":"Auxiliar de cozinha &#8211; Barra da Tijuca (RJ) &#8211; Alimenta\u00e7\u00e3o \/ Gastronomia &#8211; Rio de Janeiro"},"content":{"rendered":"<p>Vaga \u2013 Auxiliar de Cozinha | Barra da Tijuca \u2013 RJ<br \/>\nEstamos contratando 2 Auxiliares de Cozinha para atuar em restaurante estruturado, com rotina organizada e oportunidade de ganho vari\u00e1vel.<br \/>\nRemunera\u00e7\u00e3o:<br \/>\nSal\u00e1rio: R$ 2.005,00<br \/>\nComiss\u00e3o m\u00e9dia: R$ 500,00 a R$ 600,00<br \/>\nM\u00e9dia mensal aproximada: R$ 2.505,00 a R$ 2.605,00<br \/>\nHor\u00e1rios dispon\u00edveis:<br \/>\n1 vaga: 8h \u00e0s 16h20<br \/>\n1 vaga: 14h \u00e0s 22h<br \/>\nPrincipais atividades:<br \/>\nApoio no preparo e pr\u00e9-preparo dos alimentos<br \/>\nOrganiza\u00e7\u00e3o e limpeza da cozinha<br \/>\nAux\u00edlio na montagem de pratos<br \/>\nControle e reposi\u00e7\u00e3o de insumos<br \/>\nCumprimento das normas de higiene e seguran\u00e7a alimentar<br \/>\nRequisitos:<br \/>\nExperi\u00eancia anterior como Auxiliar de Cozinha ser\u00e1 um diferencial<br \/>\nAgilidade, organiza\u00e7\u00e3o e comprometimento<br \/>\nDisponibilidade para o hor\u00e1rio da vaga<br \/>\nVaga ideal para quem busca crescimento na \u00e1rea gastron\u00f4mica e ganhos acima da m\u00e9dia.<\/p>\n<ul>\n<li>Local de trabalho: Rio de Janeiro, RJ<\/li>\n<li>Regime de contrata\u00e7\u00e3o de tipo: Efetivo \u2013 CLT<\/li>\n<li>Jornada: Per\u00edodo Integral<\/li>\n<li>\u00c1rea e especializa\u00e7\u00e3o profissional: Alimenta\u00e7\u00e3o \/ Gastronomia &#8211; Cozinha<\/li>\n<li>N\u00edvel hier\u00e1rquico: Auxiliar<\/li>\n<\/ul>\n<p>Escolaridade M\u00ednima: Ensino M\u00e9dio (2\u00ba Grau)<\/p>\n<p>Sal\u00e1rio: 2000,0<\/p>\n","protected":false},"excerpt":{"rendered":"<p>Vaga \u2013 Auxiliar de Cozinha | Barra da Tijuca \u2013 RJ Estamos contratando 2 Auxiliares de Cozinha para atuar em restaurante estruturado, com rotina organizada e oportunidade de ganho vari\u00e1vel. Remunera\u00e7\u00e3o: Sal\u00e1rio: R$ 2.005,00 Comiss\u00e3o m\u00e9dia: R$ 500,00 a R$ 600,00 M\u00e9dia mensal aproximada: R$ 2.505,00 a R$ 2.605,00 Hor\u00e1rios dispon\u00edveis: 1 vaga: 8h \u00e0s [&hellip;]<\/p>\n","protected":false},"author":1,"featured_media":0,"comment_status":"open","ping_status":"open","sticky":false,"template":"","format":"standard","meta":{"footnotes":""},"categories":[21],"tags":[],"class_list":["post-4849","post","type-post","status-publish","format-standard","hentry","category-rio-de-janeiro-rj"],"_links":{"self":[{"href":"https:\/\/vagas.portalemprego.com.br\/index.php?rest_route=\/wp\/v2\/posts\/4849","targetHints":{"allow":["GET"]}}],"collection":[{"href":"https:\/\/vagas.portalemprego.com.br\/index.php?rest_route=\/wp\/v2\/posts"}],"about":[{"href":"https:\/\/vagas.portalemprego.com.br\/index.php?rest_route=\/wp\/v2\/types\/post"}],"author":[{"embeddable":true,"href":"https:\/\/vagas.portalemprego.com.br\/index.php?rest_route=\/wp\/v2\/users\/1"}],"replies":[{"embeddable":true,"href":"https:\/\/vagas.portalemprego.com.br\/index.php?rest_route=%2Fwp%2Fv2%2Fcomments&post=4849"}],"version-history":[{"count":0,"href":"https:\/\/vagas.portalemprego.com.br\/index.php?rest_route=\/wp\/v2\/posts\/4849\/revisions"}],"wp:attachment":[{"href":"https:\/\/vagas.portalemprego.com.br\/index.php?rest_route=%2Fwp%2Fv2%2Fmedia&parent=4849"}],"wp:term":[{"taxonomy":"category","embeddable":true,"href":"https:\/\/vagas.portalemprego.com.br\/index.php?rest_route=%2Fwp%2Fv2%2Fcategories&post=4849"},{"taxonomy":"post_tag","embeddable":true,"href":"https:\/\/vagas.portalemprego.com.br\/index.php?rest_route=%2Fwp%2Fv2%2Ftags&post=4849"}],"curies":[{"name":"wp","href":"https:\/\/api.w.org\/{rel}","templated":true}]}}