{"id":4852,"date":"2026-04-29T06:14:14","date_gmt":"2026-04-29T09:14:14","guid":{"rendered":"https:\/\/vagas.portalemprego.com.br\/?p=4852"},"modified":"2026-04-29T06:14:14","modified_gmt":"2026-04-29T09:14:14","slug":"mecanico-de-auto-leve-construcao-manutencao-macae","status":"publish","type":"post","link":"https:\/\/vagas.portalemprego.com.br\/?p=4852","title":{"rendered":"Mecanico de Auto &#8211; Leve &#8211; Constru\u00e7\u00e3o, Manuten\u00e7\u00e3o &#8211; Maca\u00e9"},"content":{"rendered":"<p>Estamos em busca de um Mec\u00e2nico de Autom\u00f3veis Leve para se juntar \u00e0 nossa equipe .<br \/>\nVoc\u00ea ser\u00e1 respons\u00e1vel por diagnosticar problemas mec\u00e2nicos, realizar reparos e manuten\u00e7\u00e3o preventiva, garantindo que todos os ve\u00edculos estejam em condi\u00e7\u00f5es ideais de funcionamento.<br \/>\nConhecimento em sistemas de inje\u00e7\u00e3o, transmiss\u00e3o, eletr\u00f4nica veicular e freios s\u00e3o essenciais.<\/p>\n<ul>\n<li>Local de trabalho: Maca\u00e9, RJ<\/li>\n<li>Regime de contrata\u00e7\u00e3o de tipo: Efetivo \u2013 CLT<\/li>\n<li>Jornada: Per\u00edodo Integral<\/li>\n<li>\u00c1rea e especializa\u00e7\u00e3o profissional: Constru\u00e7\u00e3o, Manuten\u00e7\u00e3o &#8211; Manuten\u00e7\u00e3o Mec\u00e2nica<\/li>\n<li>N\u00edvel hier\u00e1rquico: Operacional<\/li>\n<\/ul>\n<p>Escolaridade M\u00ednima: Ensino Fundamental (1\u00ba grau)<\/p>\n","protected":false},"excerpt":{"rendered":"<p>Estamos em busca de um Mec\u00e2nico de Autom\u00f3veis Leve para se juntar \u00e0 nossa equipe . Voc\u00ea ser\u00e1 respons\u00e1vel por diagnosticar problemas mec\u00e2nicos, realizar reparos e manuten\u00e7\u00e3o preventiva, garantindo que todos os ve\u00edculos estejam em condi\u00e7\u00f5es ideais de funcionamento. Conhecimento em sistemas de inje\u00e7\u00e3o, transmiss\u00e3o, eletr\u00f4nica veicular e freios s\u00e3o essenciais. Local de trabalho: Maca\u00e9, [&hellip;]<\/p>\n","protected":false},"author":1,"featured_media":0,"comment_status":"open","ping_status":"open","sticky":false,"template":"","format":"standard","meta":{"footnotes":""},"categories":[21],"tags":[],"class_list":["post-4852","post","type-post","status-publish","format-standard","hentry","category-rio-de-janeiro-rj"],"_links":{"self":[{"href":"https:\/\/vagas.portalemprego.com.br\/index.php?rest_route=\/wp\/v2\/posts\/4852","targetHints":{"allow":["GET"]}}],"collection":[{"href":"https:\/\/vagas.portalemprego.com.br\/index.php?rest_route=\/wp\/v2\/posts"}],"about":[{"href":"https:\/\/vagas.portalemprego.com.br\/index.php?rest_route=\/wp\/v2\/types\/post"}],"author":[{"embeddable":true,"href":"https:\/\/vagas.portalemprego.com.br\/index.php?rest_route=\/wp\/v2\/users\/1"}],"replies":[{"embeddable":true,"href":"https:\/\/vagas.portalemprego.com.br\/index.php?rest_route=%2Fwp%2Fv2%2Fcomments&post=4852"}],"version-history":[{"count":0,"href":"https:\/\/vagas.portalemprego.com.br\/index.php?rest_route=\/wp\/v2\/posts\/4852\/revisions"}],"wp:attachment":[{"href":"https:\/\/vagas.portalemprego.com.br\/index.php?rest_route=%2Fwp%2Fv2%2Fmedia&parent=4852"}],"wp:term":[{"taxonomy":"category","embeddable":true,"href":"https:\/\/vagas.portalemprego.com.br\/index.php?rest_route=%2Fwp%2Fv2%2Fcategories&post=4852"},{"taxonomy":"post_tag","embeddable":true,"href":"https:\/\/vagas.portalemprego.com.br\/index.php?rest_route=%2Fwp%2Fv2%2Ftags&post=4852"}],"curies":[{"name":"wp","href":"https:\/\/api.w.org\/{rel}","templated":true}]}}