{"id":4854,"date":"2026-04-29T06:14:14","date_gmt":"2026-04-29T09:14:14","guid":{"rendered":"https:\/\/vagas.portalemprego.com.br\/?p=4854"},"modified":"2026-04-29T06:14:14","modified_gmt":"2026-04-29T09:14:14","slug":"operador-de-venda-direta-representante-comercial-rio-de-janeiro-niteroi-comercial-vendas-rio-de-janeiro","status":"publish","type":"post","link":"https:\/\/vagas.portalemprego.com.br\/?p=4854","title":{"rendered":"Operador de Venda Direta (Representante Comercial) &#8211; Rio de Janeiro (Niter\u00f3i) &#8211; Comercial, Vendas &#8211; Rio de Janeiro"},"content":{"rendered":"<p>Quer fazer parte da nossa turma?<\/p>\n<p>Voc\u00ea \u00e9 comunicativo, gosta de vendas e quer fazer parte de uma das maiores marcas de chocolates do Brasil? Ent\u00e3o essa oportunidade \u00e9 pra voc\u00ea!<\/p>\n<p>Responsabilidades e Atribui\u00e7\u00f5es:<br \/>\nVoc\u00ea ser\u00e1 respons\u00e1vel por realizar atendimentos que combinam atividades internas e externas, com o objetivo de desenvolver, fortalecer e manter o relacionamento com os nossos Revendedores, garantindo suporte em todas as etapas da jornada de vendas.<\/p>\n<p>Principais Responsabilidades:<br \/>\nProspec\u00e7\u00e3o Ativa: Identificar novas oportunidades de vendas e transformar parcerias em rela\u00e7\u00f5es duradouras.<br \/>\nAn\u00e1lise de Mercado: Estudar o hist\u00f3rico de compras da regi\u00e3o e mapear for\u00e7as, fraquezas, oportunidades e amea\u00e7as.<br \/>\nExibi\u00e7\u00e3o de Produtos: Garantir a boa apresenta\u00e7\u00e3o dos produtos aos revendedores.<br \/>\nConhecimento de Produtos: Acompanhar lan\u00e7amentos e altera\u00e7\u00f5es de produtos, conhecendo suas caracter\u00edsticas.<br \/>\nCadastro de Informa\u00e7\u00f5es: Registrar informa\u00e7\u00f5es no sistema.<br \/>\nAtualiza\u00e7\u00e3o de Pol\u00edticas: Manter-se informado sobre pol\u00edticas de pre\u00e7o, estoque e promo\u00e7\u00f5es.<br \/>\nElabora\u00e7\u00e3o de Relat\u00f3rios: Levantar, analisar e elaborar relat\u00f3rios de desempenho e mercado.<br \/>\nDesenvolvimento de Revendedores: Trabalhar no desenvolvimento do potencial dos revendedores cadastrados e mant\u00ea-los ativos.<br \/>\nVisitas a Clientes: Realizar visitas aos clientes em hor\u00e1rios flex\u00edveis para fortalecer relacionamentos.<br \/>\nMarketing e Eventos: Distribuir panfletos, participar de feiras, reuni\u00f5es e eventos para captar novos revendedores.<\/p>\n<p>Requisitos e qualifica\u00e7\u00f5es:<br \/>\nNecess\u00e1rio Ensino M\u00e9dio completo;<br \/>\nDisponibilidade para atua\u00e7\u00e3o externa;<br \/>\nViv\u00eancia com vendas externas ser\u00e1 considerado um diferencial;<br \/>\nExcel B\u00e1sico;<\/p>\n<p>O que oferecemos:<br \/>\nComiss\u00e3o;<br \/>\nSeguro de vida;<br \/>\nPlano de sa\u00fade;<br \/>\nPlano odontol\u00f3gico;<br \/>\nVale refei\u00e7\u00e3o para os dias de atividades externas;<br \/>\nCart\u00e3o Alimenta\u00e7\u00e3o;<br \/>\nRemunera\u00e7\u00e3o Vari\u00e1vel<\/p>\n<ul>\n<li>Local de trabalho: Rio de Janeiro, RJ<\/li>\n<li>Regime de contrata\u00e7\u00e3o de tipo: Efetivo \u2013 CLT<\/li>\n<li>Jornada: Per\u00edodo Integral<\/li>\n<li>\u00c1rea e especializa\u00e7\u00e3o profissional: Comercial, Vendas &#8211; Representa\u00e7\u00e3o Comercial<\/li>\n<li>N\u00edvel hier\u00e1rquico: Consultor<\/li>\n<\/ul>\n<p>Escolaridade M\u00ednima: Ensino M\u00e9dio (2\u00ba Grau)<\/p>\n<ul>\n<li>CONV\u00caNIO M\u00c9DICO<\/li>\n<li>VALE TRANSPORTE<\/li>\n<li>VALE ALIMENTA\u00c7\u00c3O<\/li>\n<li>ASSIST\u00caNCIA ODONTOL\u00d3GICA<\/li>\n<li>SEGURO DE VIDA<\/li>\n<li>REMUNERA\u00c7\u00c3O VARI\u00c1VEL<\/li>\n<\/ul>\n<p>Sal\u00e1rio: 2001,0<\/p>\n","protected":false},"excerpt":{"rendered":"<p>Quer fazer parte da nossa turma? Voc\u00ea \u00e9 comunicativo, gosta de vendas e quer fazer parte de uma das maiores marcas de chocolates do Brasil? Ent\u00e3o essa oportunidade \u00e9 pra voc\u00ea! Responsabilidades e Atribui\u00e7\u00f5es: Voc\u00ea ser\u00e1 respons\u00e1vel por realizar atendimentos que combinam atividades internas e externas, com o objetivo de desenvolver, fortalecer e manter o [&hellip;]<\/p>\n","protected":false},"author":1,"featured_media":0,"comment_status":"open","ping_status":"open","sticky":false,"template":"","format":"standard","meta":{"footnotes":""},"categories":[21],"tags":[],"class_list":["post-4854","post","type-post","status-publish","format-standard","hentry","category-rio-de-janeiro-rj"],"_links":{"self":[{"href":"https:\/\/vagas.portalemprego.com.br\/index.php?rest_route=\/wp\/v2\/posts\/4854","targetHints":{"allow":["GET"]}}],"collection":[{"href":"https:\/\/vagas.portalemprego.com.br\/index.php?rest_route=\/wp\/v2\/posts"}],"about":[{"href":"https:\/\/vagas.portalemprego.com.br\/index.php?rest_route=\/wp\/v2\/types\/post"}],"author":[{"embeddable":true,"href":"https:\/\/vagas.portalemprego.com.br\/index.php?rest_route=\/wp\/v2\/users\/1"}],"replies":[{"embeddable":true,"href":"https:\/\/vagas.portalemprego.com.br\/index.php?rest_route=%2Fwp%2Fv2%2Fcomments&post=4854"}],"version-history":[{"count":0,"href":"https:\/\/vagas.portalemprego.com.br\/index.php?rest_route=\/wp\/v2\/posts\/4854\/revisions"}],"wp:attachment":[{"href":"https:\/\/vagas.portalemprego.com.br\/index.php?rest_route=%2Fwp%2Fv2%2Fmedia&parent=4854"}],"wp:term":[{"taxonomy":"category","embeddable":true,"href":"https:\/\/vagas.portalemprego.com.br\/index.php?rest_route=%2Fwp%2Fv2%2Fcategories&post=4854"},{"taxonomy":"post_tag","embeddable":true,"href":"https:\/\/vagas.portalemprego.com.br\/index.php?rest_route=%2Fwp%2Fv2%2Ftags&post=4854"}],"curies":[{"name":"wp","href":"https:\/\/api.w.org\/{rel}","templated":true}]}}