{"id":4856,"date":"2026-04-29T06:14:14","date_gmt":"2026-04-29T09:14:14","guid":{"rendered":"https:\/\/vagas.portalemprego.com.br\/?p=4856"},"modified":"2026-04-29T06:14:14","modified_gmt":"2026-04-29T09:14:14","slug":"lider-de-loja-comercial-vendas-rio-de-janeiro","status":"publish","type":"post","link":"https:\/\/vagas.portalemprego.com.br\/?p=4856","title":{"rendered":"L\u00edder de Loja &#8211; Comercial, Vendas &#8211; Rio de Janeiro"},"content":{"rendered":"<p>Principais atividades:<br \/>\n \u2022 Auxiliar no gerenciamento da loja, mercadorias e vendas, assegurando a melhor estrat\u00e9gia de venda dos produtos;<br \/>\n \u2022 Promover a rotatividade de acordo com os interesses do cliente;<br \/>\n \u2022 Administrar a equipe das se\u00e7\u00f5es, distribuindo conforme o mapeamento de cada setor;<br \/>\n \u2022 Acompanhar indicadores e adotar a\u00e7\u00f5es para aumento das vendas;<br \/>\n \u2022 Garantir o cumprimento de processos, pol\u00edticas e padr\u00f5es da empresa;<br \/>\n \u2022 Apoiar as estrat\u00e9gias de marketing e compras.<br \/>\nRequisitos:<br \/>\n \u2022 Desej\u00e1vel ensino superior cursando;<br \/>\n \u2022 Experi\u00eancia em gest\u00e3o de pessoas no varejo;<br \/>\n \u2022 Diferencial: atua\u00e7\u00e3o em lojas de cal\u00e7ados;<br \/>\n \u2022 Disponibilidade total de hor\u00e1rio.<\/p>\n<ul>\n<li>Local de trabalho: Rio de Janeiro, RJ<\/li>\n<li>Regime de contrata\u00e7\u00e3o de tipo: Efetivo \u2013 CLT<\/li>\n<li>Jornada: Per\u00edodo Integral<\/li>\n<li>\u00c1rea e especializa\u00e7\u00e3o profissional: Comercial, Vendas &#8211; Lojas \/ Shopping<\/li>\n<li>N\u00edvel hier\u00e1rquico: Operacional<\/li>\n<\/ul>\n<p>Escolaridade M\u00ednima: Ensino Superior<\/p>\n<ul>\n<li>Assist\u00eancia m\u00e9dica<\/li>\n<li>Assist\u00eancia odontol\u00f3gica<\/li>\n<li>Vale-transporte<\/li>\n<\/ul>\n","protected":false},"excerpt":{"rendered":"<p>Principais atividades: \u2022 Auxiliar no gerenciamento da loja, mercadorias e vendas, assegurando a melhor estrat\u00e9gia de venda dos produtos; \u2022 Promover a rotatividade de acordo com os interesses do cliente; \u2022 Administrar a equipe das se\u00e7\u00f5es, distribuindo conforme o mapeamento de cada setor; \u2022 Acompanhar indicadores e adotar a\u00e7\u00f5es para aumento das vendas; \u2022 Garantir [&hellip;]<\/p>\n","protected":false},"author":1,"featured_media":0,"comment_status":"open","ping_status":"open","sticky":false,"template":"","format":"standard","meta":{"footnotes":""},"categories":[21],"tags":[],"class_list":["post-4856","post","type-post","status-publish","format-standard","hentry","category-rio-de-janeiro-rj"],"_links":{"self":[{"href":"https:\/\/vagas.portalemprego.com.br\/index.php?rest_route=\/wp\/v2\/posts\/4856","targetHints":{"allow":["GET"]}}],"collection":[{"href":"https:\/\/vagas.portalemprego.com.br\/index.php?rest_route=\/wp\/v2\/posts"}],"about":[{"href":"https:\/\/vagas.portalemprego.com.br\/index.php?rest_route=\/wp\/v2\/types\/post"}],"author":[{"embeddable":true,"href":"https:\/\/vagas.portalemprego.com.br\/index.php?rest_route=\/wp\/v2\/users\/1"}],"replies":[{"embeddable":true,"href":"https:\/\/vagas.portalemprego.com.br\/index.php?rest_route=%2Fwp%2Fv2%2Fcomments&post=4856"}],"version-history":[{"count":0,"href":"https:\/\/vagas.portalemprego.com.br\/index.php?rest_route=\/wp\/v2\/posts\/4856\/revisions"}],"wp:attachment":[{"href":"https:\/\/vagas.portalemprego.com.br\/index.php?rest_route=%2Fwp%2Fv2%2Fmedia&parent=4856"}],"wp:term":[{"taxonomy":"category","embeddable":true,"href":"https:\/\/vagas.portalemprego.com.br\/index.php?rest_route=%2Fwp%2Fv2%2Fcategories&post=4856"},{"taxonomy":"post_tag","embeddable":true,"href":"https:\/\/vagas.portalemprego.com.br\/index.php?rest_route=%2Fwp%2Fv2%2Ftags&post=4856"}],"curies":[{"name":"wp","href":"https:\/\/api.w.org\/{rel}","templated":true}]}}