{"id":4857,"date":"2026-04-29T06:14:14","date_gmt":"2026-04-29T09:14:14","guid":{"rendered":"https:\/\/vagas.portalemprego.com.br\/?p=4857"},"modified":"2026-04-29T06:14:14","modified_gmt":"2026-04-29T09:14:14","slug":"vendedor-comercial-vendas-sao-joao-de-meriti","status":"publish","type":"post","link":"https:\/\/vagas.portalemprego.com.br\/?p=4857","title":{"rendered":"Vendedor &#8211; Comercial, Vendas &#8211; S\u00e3o Jo\u00e3o de Meriti"},"content":{"rendered":"<p>A Adecco em parceria com grande empresa de distribui\u00e7\u00e3o de carnes no Brasil em busca um\u00a0Vendedor.<br \/>\nAtividades<br \/>\n\u00a0Prospectar e atender clientes (a\u00e7ougues, mercados, supermercados, restaurantes e distribuidores);<br \/>\n\u00a0Realizar visitas externas e negocia\u00e7\u00f5es comerciais;<br \/>\n\u00a0Apresentar produtos, pre\u00e7os e condi\u00e7\u00f5es de venda;\u00a0<br \/>\n\u00a0Acompanhar pedidos, entregas e p\u00f3s-venda;\u00a0<br \/>\n\u00a0Manter relacionamento com clientes ativos;<br \/>\n\u00a0Cumprir metas de vendas e faturamento;\u00a0<br \/>\n\u00a0Elaborar relat\u00f3rios de visitas e vendas;<br \/>\n\u00a0Zelar pela imagem e padr\u00f5es da empresa no mercado.<\/p>\n<p>Requisitos:<br \/>\n\u00a0Ensino m\u00e9dio completo;\u00a0<br \/>\n\u00a0CNH categoria B (obrigat\u00f3ria);\u00a0<br \/>\n\u00a0Experi\u00eancia com vendas<br \/>\n\u00a0Conhecimento b\u00e1sico de cortes de carnes e produtos frigorificados (diferencial);<br \/>\n\u00a0Disponibilidade para trabalho externo e viagens;<br \/>\n\u00a0Boa comunica\u00e7\u00e3o e habilidade em negocia\u00e7\u00e3o.<\/p>\n<p>Benef\u00edcios:<br \/>\nVA ou VR<br \/>\nVT ou Vale Combust\u00edvel;<br \/>\n Assist\u00eancia m\u00e9dica;<br \/>\nAssist\u00eancia odontol\u00f3gica.<\/p>\n<ul>\n<li>Local de trabalho: S\u00e3o Jo\u00e3o de Meriti, RJ<\/li>\n<li>Regime de contrata\u00e7\u00e3o de tipo: Efetivo \u2013 CLT<\/li>\n<li>Jornada: Per\u00edodo Integral<\/li>\n<li>\u00c1rea e especializa\u00e7\u00e3o profissional: Comercial, Vendas &#8211; Atendimento<\/li>\n<li>N\u00edvel hier\u00e1rquico: Operacional<\/li>\n<\/ul>\n<p>VALORIZADO<\/p>\n<p>Tempo de experi\u00eancia: Entre 1 e 3 anos<\/p>\n<p>Escolaridade M\u00ednima: Ensino M\u00e9dio (2\u00ba Grau)<\/p>\n<p>Sal\u00e1rio: 2408,04<\/p>\n","protected":false},"excerpt":{"rendered":"<p>A Adecco em parceria com grande empresa de distribui\u00e7\u00e3o de carnes no Brasil em busca um\u00a0Vendedor. Atividades \u00a0Prospectar e atender clientes (a\u00e7ougues, mercados, supermercados, restaurantes e distribuidores); \u00a0Realizar visitas externas e negocia\u00e7\u00f5es comerciais; \u00a0Apresentar produtos, pre\u00e7os e condi\u00e7\u00f5es de venda;\u00a0 \u00a0Acompanhar pedidos, entregas e p\u00f3s-venda;\u00a0 \u00a0Manter relacionamento com clientes ativos; \u00a0Cumprir metas de vendas e [&hellip;]<\/p>\n","protected":false},"author":1,"featured_media":0,"comment_status":"open","ping_status":"open","sticky":false,"template":"","format":"standard","meta":{"footnotes":""},"categories":[21],"tags":[],"class_list":["post-4857","post","type-post","status-publish","format-standard","hentry","category-rio-de-janeiro-rj"],"_links":{"self":[{"href":"https:\/\/vagas.portalemprego.com.br\/index.php?rest_route=\/wp\/v2\/posts\/4857","targetHints":{"allow":["GET"]}}],"collection":[{"href":"https:\/\/vagas.portalemprego.com.br\/index.php?rest_route=\/wp\/v2\/posts"}],"about":[{"href":"https:\/\/vagas.portalemprego.com.br\/index.php?rest_route=\/wp\/v2\/types\/post"}],"author":[{"embeddable":true,"href":"https:\/\/vagas.portalemprego.com.br\/index.php?rest_route=\/wp\/v2\/users\/1"}],"replies":[{"embeddable":true,"href":"https:\/\/vagas.portalemprego.com.br\/index.php?rest_route=%2Fwp%2Fv2%2Fcomments&post=4857"}],"version-history":[{"count":0,"href":"https:\/\/vagas.portalemprego.com.br\/index.php?rest_route=\/wp\/v2\/posts\/4857\/revisions"}],"wp:attachment":[{"href":"https:\/\/vagas.portalemprego.com.br\/index.php?rest_route=%2Fwp%2Fv2%2Fmedia&parent=4857"}],"wp:term":[{"taxonomy":"category","embeddable":true,"href":"https:\/\/vagas.portalemprego.com.br\/index.php?rest_route=%2Fwp%2Fv2%2Fcategories&post=4857"},{"taxonomy":"post_tag","embeddable":true,"href":"https:\/\/vagas.portalemprego.com.br\/index.php?rest_route=%2Fwp%2Fv2%2Ftags&post=4857"}],"curies":[{"name":"wp","href":"https:\/\/api.w.org\/{rel}","templated":true}]}}