{"id":4860,"date":"2026-04-29T06:14:14","date_gmt":"2026-04-29T09:14:14","guid":{"rendered":"https:\/\/vagas.portalemprego.com.br\/?p=4860"},"modified":"2026-04-29T06:14:14","modified_gmt":"2026-04-29T09:14:14","slug":"tecnico-de-edificacoes-de-licitacao-arquitetura-decoracao-design-rio-de-janeiro","status":"publish","type":"post","link":"https:\/\/vagas.portalemprego.com.br\/?p=4860","title":{"rendered":"T\u00e9cnico de Edifica\u00e7\u00f5es de Licita\u00e7\u00e3o &#8211; Arquitetura, Decora\u00e7\u00e3o, Design &#8211; Rio de Janeiro"},"content":{"rendered":"<p>Pr\u00e9-Requisitos:<br \/>\nForma\u00e7\u00e3o em T\u00e9cnico de Edifica\u00e7\u00f5es \u2013 Preferencialmente com \u00eanfase em Or\u00e7amentos em Licita\u00e7\u00f5es;<br \/>\nEnsino m\u00e9dio completo;<br \/>\nApresentar o TRT para a fun\u00e7\u00e3o (Ap\u00f3s contrata\u00e7\u00e3o);<br \/>\nRegistro ativo no CRT\/CFT;<br \/>\nExperi\u00eancia na fun\u00e7\u00e3o comprovada na carteira;<br \/>\nUtiliza\u00e7\u00e3o dos programas AutoCad 2D\/3D e SketchUp\/LayOut;<br \/>\nConhecimento intermedi\u00e1rio ao avan\u00e7ado no pacote office completo;<\/p>\n<p>Atividades:<br \/>\nInterpreta\u00e7\u00e3o de croquis, projetos e especifica\u00e7\u00f5es t\u00e9cnicas; Elabora\u00e7\u00e3o de desenhos, descritivos e relat\u00f3rios t\u00e9cnicos; An\u00e1lise de editais p\u00fablicos e privados, verificando as exig\u00eancias de qualifica\u00e7\u00f5es t\u00e9cnicas e operacionais, a viabilidade econ\u00f4mica\/financeira e a compatibilidade de materiais, tecnologias e especifica\u00e7\u00f5es; Levantamento de materiais e necessidades para execu\u00e7\u00e3o das montagens e fornecimento de equipamentos; Cota\u00e7\u00e3o, mapeamento e avalia\u00e7\u00e3o de custos necess\u00e1rios \u00e0 realiza\u00e7\u00e3o de projetos, englobando montagem\/desmontagem, fretes e materiais; Experi\u00eancia com ferramentas para elabora\u00e7\u00e3o de planilhas detalhadas de pre\u00e7os, inclusive conhecimento em \u00edndices de valores, como SINAPI, EMOP, TCO e afins; Desenvolvimento de or\u00e7amentos atrav\u00e9s da elabora\u00e7\u00e3o de composi\u00e7\u00f5es sint\u00e9ticas e anal\u00edticas de materiais e servi\u00e7os; Verificar, acompanhar e desenvolver atividades utilizando o sistema de abertura de chamados, inclusive fluxos de envio para respons\u00e1veis de valida\u00e7\u00e3o; Desenvolver suas atividades com aten\u00e7\u00e3o de ponta \u00e0 ponta, fazendo interface com o setor solicitante, quando necess\u00e1rio, e sempre interagindo com setores internos sobre a viabilidade das demandas. Monitorar durante a execu\u00e7\u00e3o do projeto todos os custos, atrav\u00e9s de dados obtidos com os encarregados, engenheiros e compras; Interpreta\u00e7\u00e3o de projetos e especifica\u00e7\u00f5es t\u00e9cnicas; Realiza\u00e7\u00f5es de cota\u00e7\u00f5es externas, junto a fornecedores espec\u00edficos ou atrav\u00e9s de pesquisa de mercado.<\/p>\n<p>Local de trabalho: Bonsucesso &#8211; RJ<br \/>\nEscala de trabalho de Seg \u00e0 sex, das 07:30h \u00e0s 17:33h<br \/>\nPrevis\u00e3o de in\u00edcio 05\/01\/2025.<br \/>\nRegime: CLT<\/p>\n<p>A empresa oferece:<br \/>\nSal\u00e1rio: \u00c0 combinar<br \/>\nBenef\u00edcios: Refei\u00e7\u00e3o no local + VT + Aux\u00edlio funeral + Seguro de vida + Plano de sa\u00fade e plano odontol\u00f3gico ap\u00f3s o per\u00edodo da experi\u00eancia com desconto mensal e coparticipa\u00e7\u00e3o.<\/p>\n<ul>\n<li>Local de trabalho: Rio de Janeiro, RJ<\/li>\n<li>Regime de contrata\u00e7\u00e3o de tipo: Efetivo \u2013 CLT<\/li>\n<li>Jornada: Per\u00edodo Integral<\/li>\n<li>\u00c1rea e especializa\u00e7\u00e3o profissional: Arquitetura, Decora\u00e7\u00e3o, Design &#8211; Projetista<\/li>\n<li>N\u00edvel hier\u00e1rquico: Especialista<\/li>\n<\/ul>\n<p>VALORIZADO<\/p>\n<p>Tempo de experi\u00eancia: Entre 1 e 3 anos<\/p>\n<p>HABILIDADES<\/p>\n<ul>\n<li>COMUNICATIVO<\/li>\n<li>\u00c1GIL<\/li>\n<li>ORGANIZADO<\/li>\n<\/ul>\n<p>Escolaridade M\u00ednima: Curso T\u00e9cnico<\/p>\n<ul>\n<li>Vale-transporte<\/li>\n<li>Assist\u00eancia m\u00e9dica<\/li>\n<li>Assist\u00eancia odontol\u00f3gica<\/li>\n<li>Refei\u00e7\u00e3o no local<\/li>\n<li>Seguro de Vida<\/li>\n<\/ul>\n","protected":false},"excerpt":{"rendered":"<p>Pr\u00e9-Requisitos: Forma\u00e7\u00e3o em T\u00e9cnico de Edifica\u00e7\u00f5es \u2013 Preferencialmente com \u00eanfase em Or\u00e7amentos em Licita\u00e7\u00f5es; Ensino m\u00e9dio completo; Apresentar o TRT para a fun\u00e7\u00e3o (Ap\u00f3s contrata\u00e7\u00e3o); Registro ativo no CRT\/CFT; Experi\u00eancia na fun\u00e7\u00e3o comprovada na carteira; Utiliza\u00e7\u00e3o dos programas AutoCad 2D\/3D e SketchUp\/LayOut; Conhecimento intermedi\u00e1rio ao avan\u00e7ado no pacote office completo; Atividades: Interpreta\u00e7\u00e3o de croquis, projetos [&hellip;]<\/p>\n","protected":false},"author":1,"featured_media":0,"comment_status":"open","ping_status":"open","sticky":false,"template":"","format":"standard","meta":{"footnotes":""},"categories":[21],"tags":[],"class_list":["post-4860","post","type-post","status-publish","format-standard","hentry","category-rio-de-janeiro-rj"],"_links":{"self":[{"href":"https:\/\/vagas.portalemprego.com.br\/index.php?rest_route=\/wp\/v2\/posts\/4860","targetHints":{"allow":["GET"]}}],"collection":[{"href":"https:\/\/vagas.portalemprego.com.br\/index.php?rest_route=\/wp\/v2\/posts"}],"about":[{"href":"https:\/\/vagas.portalemprego.com.br\/index.php?rest_route=\/wp\/v2\/types\/post"}],"author":[{"embeddable":true,"href":"https:\/\/vagas.portalemprego.com.br\/index.php?rest_route=\/wp\/v2\/users\/1"}],"replies":[{"embeddable":true,"href":"https:\/\/vagas.portalemprego.com.br\/index.php?rest_route=%2Fwp%2Fv2%2Fcomments&post=4860"}],"version-history":[{"count":0,"href":"https:\/\/vagas.portalemprego.com.br\/index.php?rest_route=\/wp\/v2\/posts\/4860\/revisions"}],"wp:attachment":[{"href":"https:\/\/vagas.portalemprego.com.br\/index.php?rest_route=%2Fwp%2Fv2%2Fmedia&parent=4860"}],"wp:term":[{"taxonomy":"category","embeddable":true,"href":"https:\/\/vagas.portalemprego.com.br\/index.php?rest_route=%2Fwp%2Fv2%2Fcategories&post=4860"},{"taxonomy":"post_tag","embeddable":true,"href":"https:\/\/vagas.portalemprego.com.br\/index.php?rest_route=%2Fwp%2Fv2%2Ftags&post=4860"}],"curies":[{"name":"wp","href":"https:\/\/api.w.org\/{rel}","templated":true}]}}