{"id":4862,"date":"2026-04-29T06:14:14","date_gmt":"2026-04-29T09:14:14","guid":{"rendered":"https:\/\/vagas.portalemprego.com.br\/?p=4862"},"modified":"2026-04-29T06:14:14","modified_gmt":"2026-04-29T09:14:14","slug":"montador-industrial-producao-fabrica-rio-de-janeiro","status":"publish","type":"post","link":"https:\/\/vagas.portalemprego.com.br\/?p=4862","title":{"rendered":"Montador &#8211; Industrial, Produ\u00e7\u00e3o, F\u00e1brica &#8211; Rio de Janeiro"},"content":{"rendered":"<p>Pr\u00e9-Requisitos:<br \/>\nEnsino\u00a0Fundamental\u00a0Completo<br \/>\nExperi\u00eancia\u00a0comprovada\u00a0na\u00a0fun\u00e7\u00e3o\u00a0de\u00a0Montador.\u00a0<br \/>\nDesej\u00e1vel\u00a0oriundo\u00a0de\u00a0empresa\u00a0de\u00a0montagem\u00a0de\u00a0divis\u00f3ria,\u00a0montagem\u00a0de\u00a0estrutura\u00a0modular\u00a0ou\u00a0montagem\u00a0de\u00a0galp\u00e3o.<\/p>\n<p>Atividades:<br \/>\nRespons\u00e1vel pela montagem de containers, m\u00f3veis e monoblocos. Respons\u00e1vel por montagem e coloca\u00e7\u00e3o de pisos, tetos, divis\u00f3rias, manta, forra\u00e7\u00e3o e vidros; Atua\u00e7\u00e3o com cortes e montagem. Conhecer ferramentas como parafusadeira, Lixadeira, esmerilhadeira e chaves.<br \/>\nLocal de Trabalho: Manguinhos &#8211; RJ<br \/>\nA empresa oferece:<br \/>\nSal\u00e1rio: R$: 2465,41<\/p>\n<p>Benef\u00edcios: VT + Refei\u00e7\u00e3o no Local + Plano de sa\u00fade + Plano odontol\u00f3gico (ap\u00f3s per\u00edodo de experi\u00eancia) + Auxilio funeral e Seguro de vida<\/p>\n<ul>\n<li>N\u00famero de vagas: 2<\/li>\n<li>Local de trabalho: Rio de Janeiro, RJ<\/li>\n<li>Regime de contrata\u00e7\u00e3o de tipo: Efetivo \u2013 CLT<\/li>\n<li>Jornada: Per\u00edodo Integral<\/li>\n<li>\u00c1rea e especializa\u00e7\u00e3o profissional: Industrial, Produ\u00e7\u00e3o, F\u00e1brica &#8211; Produ\u00e7\u00e3o<\/li>\n<li>N\u00edvel hier\u00e1rquico: Operacional<\/li>\n<\/ul>\n<p>VALORIZADO<\/p>\n<p>Tempo de experi\u00eancia: Entre 3 e 5 anos<\/p>\n<p>Escolaridade M\u00ednima: Ensino M\u00e9dio (2\u00ba Grau)<\/p>\n<ul>\n<li>Seguro de Vida<\/li>\n<li>Refei\u00e7\u00e3o no local<\/li>\n<li>Vale-transporte<\/li>\n<li>Assist\u00eancia odontol\u00f3gica<\/li>\n<li>Assist\u00eancia m\u00e9dica<\/li>\n<\/ul>\n","protected":false},"excerpt":{"rendered":"<p>Pr\u00e9-Requisitos: Ensino\u00a0Fundamental\u00a0Completo Experi\u00eancia\u00a0comprovada\u00a0na\u00a0fun\u00e7\u00e3o\u00a0de\u00a0Montador.\u00a0 Desej\u00e1vel\u00a0oriundo\u00a0de\u00a0empresa\u00a0de\u00a0montagem\u00a0de\u00a0divis\u00f3ria,\u00a0montagem\u00a0de\u00a0estrutura\u00a0modular\u00a0ou\u00a0montagem\u00a0de\u00a0galp\u00e3o. Atividades: Respons\u00e1vel pela montagem de containers, m\u00f3veis e monoblocos. Respons\u00e1vel por montagem e coloca\u00e7\u00e3o de pisos, tetos, divis\u00f3rias, manta, forra\u00e7\u00e3o e vidros; Atua\u00e7\u00e3o com cortes e montagem. Conhecer ferramentas como parafusadeira, Lixadeira, esmerilhadeira e chaves. Local de Trabalho: Manguinhos &#8211; RJ A empresa oferece: Sal\u00e1rio: R$: 2465,41 Benef\u00edcios: VT + Refei\u00e7\u00e3o [&hellip;]<\/p>\n","protected":false},"author":1,"featured_media":0,"comment_status":"open","ping_status":"open","sticky":false,"template":"","format":"standard","meta":{"footnotes":""},"categories":[21],"tags":[],"class_list":["post-4862","post","type-post","status-publish","format-standard","hentry","category-rio-de-janeiro-rj"],"_links":{"self":[{"href":"https:\/\/vagas.portalemprego.com.br\/index.php?rest_route=\/wp\/v2\/posts\/4862","targetHints":{"allow":["GET"]}}],"collection":[{"href":"https:\/\/vagas.portalemprego.com.br\/index.php?rest_route=\/wp\/v2\/posts"}],"about":[{"href":"https:\/\/vagas.portalemprego.com.br\/index.php?rest_route=\/wp\/v2\/types\/post"}],"author":[{"embeddable":true,"href":"https:\/\/vagas.portalemprego.com.br\/index.php?rest_route=\/wp\/v2\/users\/1"}],"replies":[{"embeddable":true,"href":"https:\/\/vagas.portalemprego.com.br\/index.php?rest_route=%2Fwp%2Fv2%2Fcomments&post=4862"}],"version-history":[{"count":0,"href":"https:\/\/vagas.portalemprego.com.br\/index.php?rest_route=\/wp\/v2\/posts\/4862\/revisions"}],"wp:attachment":[{"href":"https:\/\/vagas.portalemprego.com.br\/index.php?rest_route=%2Fwp%2Fv2%2Fmedia&parent=4862"}],"wp:term":[{"taxonomy":"category","embeddable":true,"href":"https:\/\/vagas.portalemprego.com.br\/index.php?rest_route=%2Fwp%2Fv2%2Fcategories&post=4862"},{"taxonomy":"post_tag","embeddable":true,"href":"https:\/\/vagas.portalemprego.com.br\/index.php?rest_route=%2Fwp%2Fv2%2Ftags&post=4862"}],"curies":[{"name":"wp","href":"https:\/\/api.w.org\/{rel}","templated":true}]}}