{"id":4868,"date":"2026-04-29T06:14:14","date_gmt":"2026-04-29T09:14:14","guid":{"rendered":"https:\/\/vagas.portalemprego.com.br\/?p=4868"},"modified":"2026-04-29T06:14:14","modified_gmt":"2026-04-29T09:14:14","slug":"promotor-de-vendas-diversos-bairros-comercial-vendas-abarracamento","status":"publish","type":"post","link":"https:\/\/vagas.portalemprego.com.br\/?p=4868","title":{"rendered":"Promotor de Vendas &#8211; Diversos Bairros &#8211; Comercial, Vendas &#8211; Abarracamento"},"content":{"rendered":"<p>Principais Atividades:<br \/>\n\u2022 Visitas a pdv<br \/>\n\u2022 Repor, organizar estoque e destacar o produto<br \/>\n\u2022 Identifica\u00e7\u00e3o de oportunidades no pdv<br \/>\n\u2022 Negociar espa\u00e7os<br \/>\n\u2022 Executar Planogramas<br \/>\n\u2022 Aborda clientes<br \/>\n\u2022 Monitorar concorr\u00eancia<br \/>\n\u2022 Ser os olhos das marcas dentro do pdv<\/p>\n<p>?? Escala: Segunda a s\u00e1bado, das 08h \u00e0s 16h20.<\/p>\n<ul>\n<li>N\u00famero de vagas: 50<\/li>\n<li>Local de trabalho: Abarracamento, RJ<\/li>\n<li>Regime de contrata\u00e7\u00e3o de tipo: Efetivo \u2013 CLT<\/li>\n<li>Jornada: Per\u00edodo Integral<\/li>\n<li>\u00c1rea e especializa\u00e7\u00e3o profissional: Comercial, Vendas &#8211; Demonstrador \/ Promotor<\/li>\n<li>N\u00edvel hier\u00e1rquico: Operacional<\/li>\n<\/ul>\n<p>VALORIZADO<\/p>\n<p>Tempo de experi\u00eancia: Menos de 1 ano<\/p>\n<p>HABILIDADES<\/p>\n<ul>\n<li>Experi\u00eancia profissional como promotor ou cargo similar.<\/li>\n<\/ul>\n<p>Escolaridade M\u00ednima: Ensino M\u00e9dio (2\u00ba Grau)<\/p>\n<ul>\n<li>Conv\u00eanio com curso de Ingl\u00eas<\/li>\n<li>Seguro de Vida em Grupo<\/li>\n<li>Conv\u00eanio com Universidades<\/li>\n<li>Vale Refei\u00e7\u00e3o R$ 28,99<\/li>\n<li>Vale Transporte<\/li>\n<li>Conv\u00eanio com rede de AutoEscolas<\/li>\n<\/ul>\n<p>Sal\u00e1rio: 1836,77<\/p>\n","protected":false},"excerpt":{"rendered":"<p>Principais Atividades: \u2022 Visitas a pdv \u2022 Repor, organizar estoque e destacar o produto \u2022 Identifica\u00e7\u00e3o de oportunidades no pdv \u2022 Negociar espa\u00e7os \u2022 Executar Planogramas \u2022 Aborda clientes \u2022 Monitorar concorr\u00eancia \u2022 Ser os olhos das marcas dentro do pdv ?? Escala: Segunda a s\u00e1bado, das 08h \u00e0s 16h20. N\u00famero de vagas: 50 Local [&hellip;]<\/p>\n","protected":false},"author":1,"featured_media":0,"comment_status":"open","ping_status":"open","sticky":false,"template":"","format":"standard","meta":{"footnotes":""},"categories":[21],"tags":[],"class_list":["post-4868","post","type-post","status-publish","format-standard","hentry","category-rio-de-janeiro-rj"],"_links":{"self":[{"href":"https:\/\/vagas.portalemprego.com.br\/index.php?rest_route=\/wp\/v2\/posts\/4868","targetHints":{"allow":["GET"]}}],"collection":[{"href":"https:\/\/vagas.portalemprego.com.br\/index.php?rest_route=\/wp\/v2\/posts"}],"about":[{"href":"https:\/\/vagas.portalemprego.com.br\/index.php?rest_route=\/wp\/v2\/types\/post"}],"author":[{"embeddable":true,"href":"https:\/\/vagas.portalemprego.com.br\/index.php?rest_route=\/wp\/v2\/users\/1"}],"replies":[{"embeddable":true,"href":"https:\/\/vagas.portalemprego.com.br\/index.php?rest_route=%2Fwp%2Fv2%2Fcomments&post=4868"}],"version-history":[{"count":0,"href":"https:\/\/vagas.portalemprego.com.br\/index.php?rest_route=\/wp\/v2\/posts\/4868\/revisions"}],"wp:attachment":[{"href":"https:\/\/vagas.portalemprego.com.br\/index.php?rest_route=%2Fwp%2Fv2%2Fmedia&parent=4868"}],"wp:term":[{"taxonomy":"category","embeddable":true,"href":"https:\/\/vagas.portalemprego.com.br\/index.php?rest_route=%2Fwp%2Fv2%2Fcategories&post=4868"},{"taxonomy":"post_tag","embeddable":true,"href":"https:\/\/vagas.portalemprego.com.br\/index.php?rest_route=%2Fwp%2Fv2%2Ftags&post=4868"}],"curies":[{"name":"wp","href":"https:\/\/api.w.org\/{rel}","templated":true}]}}