{"id":4869,"date":"2026-04-29T06:15:15","date_gmt":"2026-04-29T09:15:15","guid":{"rendered":"https:\/\/vagas.portalemprego.com.br\/?p=4869"},"modified":"2026-04-29T06:15:15","modified_gmt":"2026-04-29T09:15:15","slug":"motorista-hab-d-transportes-rio-de-janeiro-2","status":"publish","type":"post","link":"https:\/\/vagas.portalemprego.com.br\/?p=4869","title":{"rendered":"Motorista  Hab D &#8211; Transportes &#8211; Rio de Janeiro"},"content":{"rendered":"<p>A Nova Boni,  est\u00e1 em busca de um motorista habilitado com categoria D para ingressar em sua equipe. Somos uma empresa que valoriza a seguran\u00e7a e a qualidade do servi\u00e7o prestado, sempre procurando profissionais qualificados para integrar nossa equipe.<\/p>\n<p>Buscamos por um profissional que possua habilidades em transporte de cargas e conhecimento das leis de tr\u00e2nsito. Al\u00e9m disso, tamb\u00e9m \u00e9 necess\u00e1rio ter curso do MOPP (Movimenta\u00e7\u00e3o Operacional de Produtos Perigosos) para manuseio de cargas especiais. Se voc\u00ea \u00e9 um profissional que busca sempre a qualidade e a excel\u00eancia no trabalho, essa vaga pode ser a sua oportunidade.<\/p>\n<p>Entre as responsabilidades do cargo de Motorista Habilitado com categoria D, est\u00e3o:<\/p>\n<p>&#8211; Transporte de carga para diferentes destinos, seguindo todas as normas e leis de tr\u00e2nsito vigentes;<\/p>\n<p>&#8211; Condu\u00e7\u00e3o segura do ve\u00edculo, zelando pela manuten\u00e7\u00e3o preventiva e corretiva do mesmo;<\/p>\n<p>&#8211; Realiza\u00e7\u00e3o de relat\u00f3rios de viagem, como hor\u00e1rios e locais de chegada e partida;<\/p>\n<p>&#8211; Cumprimento das metas estabelecidas, seguindo prazos e hor\u00e1rios para entrega de mercadorias;<\/p>\n<p>Requisitos para o cargo:<\/p>\n<p>&#8211; Habilita\u00e7\u00e3o categoria D;<\/p>\n<p>&#8211; Conhecimento em transporte de cargas;<\/p>\n<p>&#8211; Curso do MOPP (Movimenta\u00e7\u00e3o Operacional de Produtos Perigosos);<\/p>\n<p>&#8211; Disponibilidade para viagens;<\/p>\n<p>&#8211; Ensino m\u00e9dio completo.<\/p>\n<p>Oferecemos sal\u00e1rio compat\u00edvel com a fun\u00e7\u00e3o, al\u00e9m de benef\u00edcios como vale-refei\u00e7\u00e3o, vale-transporte e odontol\u00f3gico.<\/p>\n<p>Se voc\u00ea se identifica com a vaga e possui o perfil adequado para a fun\u00e7\u00e3o, envie seu curr\u00edculo para n\u00f3s e fa\u00e7a parte de nossa equipe. Na Nova Boni, buscamos sempre por profissionais qualificados e comprometidos com o trabalho, e se voc\u00ea se encaixa nesse perfil, essa pode ser a sua chance de fazer parte de uma empresa l\u00edder no mercado.<\/p>\n<ul>\n<li>Local de trabalho: Rio de Janeiro, RJ<\/li>\n<li>Regime de contrata\u00e7\u00e3o de tipo: Efetivo \u2013 CLT<\/li>\n<li>Jornada: Per\u00edodo Integral<\/li>\n<li>\u00c1rea e especializa\u00e7\u00e3o profissional: Transportes &#8211; Motorista &#8211; Hab D<\/li>\n<li>N\u00edvel hier\u00e1rquico: Operacional<\/li>\n<\/ul>\n<p>VALORIZADO<\/p>\n<p>Tempo de experi\u00eancia: Entre 1 e 3 anos<\/p>\n<p>HABILIDADES<\/p>\n<ul>\n<li>CURSO DO MOPP<\/li>\n<\/ul>\n<p>Escolaridade M\u00ednima: Ensino Fundamental (1\u00ba grau)<\/p>\n<p>Habilita\u00e7\u00e3o para dirigir: D<\/p>\n<p>Disponibilidade para viajar<\/p>\n<ul>\n<li>Vale alimenta\u00e7\u00e3o e ou refei\u00e7\u00e3o<\/li>\n<li>Plano odontol\u00f3gico<\/li>\n<li>Vale transporte<\/li>\n<\/ul>\n<p>Sal\u00e1rio: 2000,0<\/p>\n","protected":false},"excerpt":{"rendered":"<p>A Nova Boni, est\u00e1 em busca de um motorista habilitado com categoria D para ingressar em sua equipe. Somos uma empresa que valoriza a seguran\u00e7a e a qualidade do servi\u00e7o prestado, sempre procurando profissionais qualificados para integrar nossa equipe. Buscamos por um profissional que possua habilidades em transporte de cargas e conhecimento das leis de [&hellip;]<\/p>\n","protected":false},"author":1,"featured_media":0,"comment_status":"open","ping_status":"open","sticky":false,"template":"","format":"standard","meta":{"footnotes":""},"categories":[21],"tags":[],"class_list":["post-4869","post","type-post","status-publish","format-standard","hentry","category-rio-de-janeiro-rj"],"_links":{"self":[{"href":"https:\/\/vagas.portalemprego.com.br\/index.php?rest_route=\/wp\/v2\/posts\/4869","targetHints":{"allow":["GET"]}}],"collection":[{"href":"https:\/\/vagas.portalemprego.com.br\/index.php?rest_route=\/wp\/v2\/posts"}],"about":[{"href":"https:\/\/vagas.portalemprego.com.br\/index.php?rest_route=\/wp\/v2\/types\/post"}],"author":[{"embeddable":true,"href":"https:\/\/vagas.portalemprego.com.br\/index.php?rest_route=\/wp\/v2\/users\/1"}],"replies":[{"embeddable":true,"href":"https:\/\/vagas.portalemprego.com.br\/index.php?rest_route=%2Fwp%2Fv2%2Fcomments&post=4869"}],"version-history":[{"count":0,"href":"https:\/\/vagas.portalemprego.com.br\/index.php?rest_route=\/wp\/v2\/posts\/4869\/revisions"}],"wp:attachment":[{"href":"https:\/\/vagas.portalemprego.com.br\/index.php?rest_route=%2Fwp%2Fv2%2Fmedia&parent=4869"}],"wp:term":[{"taxonomy":"category","embeddable":true,"href":"https:\/\/vagas.portalemprego.com.br\/index.php?rest_route=%2Fwp%2Fv2%2Fcategories&post=4869"},{"taxonomy":"post_tag","embeddable":true,"href":"https:\/\/vagas.portalemprego.com.br\/index.php?rest_route=%2Fwp%2Fv2%2Ftags&post=4869"}],"curies":[{"name":"wp","href":"https:\/\/api.w.org\/{rel}","templated":true}]}}