{"id":4873,"date":"2026-04-29T06:15:15","date_gmt":"2026-04-29T09:15:15","guid":{"rendered":"https:\/\/vagas.portalemprego.com.br\/?p=4873"},"modified":"2026-04-29T06:15:15","modified_gmt":"2026-04-29T09:15:15","slug":"eletricista-de-manutencao-industrial-construcao-manutencao-rio-de-janeiro","status":"publish","type":"post","link":"https:\/\/vagas.portalemprego.com.br\/?p=4873","title":{"rendered":"Eletricista de Manuten\u00e7\u00e3o Industrial &#8211; Constru\u00e7\u00e3o, Manuten\u00e7\u00e3o &#8211; Rio de Janeiro"},"content":{"rendered":"<p>O Grupo Seres em parceria com uma empresa multinacional no segmento farmac\u00eautico, seleciona profissional para atuar na fun\u00e7\u00e3o de Eletricista de Manuten\u00e7\u00e3o Industrial.<\/p>\n<p>Requisitos:<\/p>\n<p>Ensino T\u00e9cnico em Eletr\u00f4nica ou El\u00e9trica;<br \/>\nHabilidades com pacote office;<br \/>\nIngl\u00eas b\u00e1sico;<br \/>\nDesej\u00e1vel conhecimento em ferramentas de qualidade e TPM;<br \/>\nViv\u00eancia com sistemas de IHM, PLC e com equipamentos industriais de fabrica\u00e7\u00e3o e embalagem<br \/>\nNR 33 ; NR 35 ; NR 10<\/p>\n<p>Atividades:<\/p>\n<p>Desempenhar atividades na Se\u00e7\u00e3o de Manuten\u00e7\u00e3o El\u00e9trica e Eletr\u00f4nica, com autonomia t\u00e9cnica e responsabilidade crescente, tarefas relativas \u00e0 manuten\u00e7\u00e3o preventiva e corretiva nos sistemas e componentes el\u00e9tricos e eletr\u00f4nicos de m\u00e1quinas e equipamentos fabris, reparando, ajustando, desmontando, montando e regulando diversos tipos de instrumentos, sistemas e componentes, observando desenhos, esquemas e especifica\u00e7\u00f5es t\u00e9cnicas, com \u00eanfase em an\u00e1lise detalhada de falhas em sua causa raiz, atuando no Gap Analysis, efetuando os trabalhos de acordo com as prioridades e prazos estabelecidos, identificando a necessidade de troca e reparo dos componentes e sistemas, contribuindo nos aspectos que dizem respeito \u00e0 infraestrutura necess\u00e1ria para a realiza\u00e7\u00e3o dos trabalhos, objetivando a redu\u00e7\u00e3o do n\u00famero de paradas n\u00e3o programadas que afetem a produ\u00e7\u00e3o de medicamentos pela Institui\u00e7\u00e3o.<\/p>\n<p>Hor\u00e1rio de trabalho:<\/p>\n<p>Disponibilidade para atuar no 2\u00ba turno das 13:00 \u2013 22:00h, segunda a sexta &#8211; disponibilidade de hor\u00e1rio, inclusive para atua\u00e7\u00e3o aos finais de semana.<\/p>\n<p>Local de trabalho:<\/p>\n<p>Jacarepagu\u00e1 &#8211; Rio de Janeiro\/RJ.<br \/>\nSal\u00e1rio<br \/>\nR$5130,00<\/p>\n<p>Benef\u00edcios<br \/>\nAssist\u00eancia m\u00e9dica<br \/>\nAssist\u00eancia odontol\u00f3gica<br \/>\nRestaurante interno<br \/>\nSeguro de vida<br \/>\nVale-transporte<\/p>\n<ul>\n<li>Local de trabalho: Rio de Janeiro, RJ<\/li>\n<li>Regime de contrata\u00e7\u00e3o de tipo: Efetivo \u2013 CLT<\/li>\n<li>Jornada: Per\u00edodo Integral<\/li>\n<li>\u00c1rea e especializa\u00e7\u00e3o profissional: Constru\u00e7\u00e3o, Manuten\u00e7\u00e3o &#8211; Eletricista \/ Manuten\u00e7\u00e3o El\u00e9trica<\/li>\n<li>N\u00edvel hier\u00e1rquico: Operacional<\/li>\n<\/ul>\n<p>VALORIZADO<\/p>\n<p>Tempo de experi\u00eancia: Entre 1 e 3 anos<\/p>\n<p>Escolaridade M\u00ednima: Curso T\u00e9cnico<\/p>\n<p>Sal\u00e1rio: 5130,0<\/p>\n","protected":false},"excerpt":{"rendered":"<p>O Grupo Seres em parceria com uma empresa multinacional no segmento farmac\u00eautico, seleciona profissional para atuar na fun\u00e7\u00e3o de Eletricista de Manuten\u00e7\u00e3o Industrial. Requisitos: Ensino T\u00e9cnico em Eletr\u00f4nica ou El\u00e9trica; Habilidades com pacote office; Ingl\u00eas b\u00e1sico; Desej\u00e1vel conhecimento em ferramentas de qualidade e TPM; Viv\u00eancia com sistemas de IHM, PLC e com equipamentos industriais de [&hellip;]<\/p>\n","protected":false},"author":1,"featured_media":0,"comment_status":"open","ping_status":"open","sticky":false,"template":"","format":"standard","meta":{"footnotes":""},"categories":[21],"tags":[],"class_list":["post-4873","post","type-post","status-publish","format-standard","hentry","category-rio-de-janeiro-rj"],"_links":{"self":[{"href":"https:\/\/vagas.portalemprego.com.br\/index.php?rest_route=\/wp\/v2\/posts\/4873","targetHints":{"allow":["GET"]}}],"collection":[{"href":"https:\/\/vagas.portalemprego.com.br\/index.php?rest_route=\/wp\/v2\/posts"}],"about":[{"href":"https:\/\/vagas.portalemprego.com.br\/index.php?rest_route=\/wp\/v2\/types\/post"}],"author":[{"embeddable":true,"href":"https:\/\/vagas.portalemprego.com.br\/index.php?rest_route=\/wp\/v2\/users\/1"}],"replies":[{"embeddable":true,"href":"https:\/\/vagas.portalemprego.com.br\/index.php?rest_route=%2Fwp%2Fv2%2Fcomments&post=4873"}],"version-history":[{"count":0,"href":"https:\/\/vagas.portalemprego.com.br\/index.php?rest_route=\/wp\/v2\/posts\/4873\/revisions"}],"wp:attachment":[{"href":"https:\/\/vagas.portalemprego.com.br\/index.php?rest_route=%2Fwp%2Fv2%2Fmedia&parent=4873"}],"wp:term":[{"taxonomy":"category","embeddable":true,"href":"https:\/\/vagas.portalemprego.com.br\/index.php?rest_route=%2Fwp%2Fv2%2Fcategories&post=4873"},{"taxonomy":"post_tag","embeddable":true,"href":"https:\/\/vagas.portalemprego.com.br\/index.php?rest_route=%2Fwp%2Fv2%2Ftags&post=4873"}],"curies":[{"name":"wp","href":"https:\/\/api.w.org\/{rel}","templated":true}]}}