{"id":4874,"date":"2026-04-29T06:15:15","date_gmt":"2026-04-29T09:15:15","guid":{"rendered":"https:\/\/vagas.portalemprego.com.br\/?p=4874"},"modified":"2026-04-29T06:15:15","modified_gmt":"2026-04-29T09:15:15","slug":"mecanico-de-manutencao-industrial-industrial-producao-fabrica-rio-de-janeiro","status":"publish","type":"post","link":"https:\/\/vagas.portalemprego.com.br\/?p=4874","title":{"rendered":"Mec\u00e2nico de Manuten\u00e7\u00e3o Industrial &#8211; Industrial, Produ\u00e7\u00e3o, F\u00e1brica &#8211; Rio de Janeiro"},"content":{"rendered":"<p>O Grupo Seres em parceria com uma empresa multinacional no segmento farmac\u00eautico, seleciona profissional para atuar na fun\u00e7\u00e3o de Mec\u00e2nico de Manuten\u00e7\u00e3o Industrial.<\/p>\n<p>Requisitos:<\/p>\n<p>Ensino T\u00e9cnico em Mec\u00e2nica;<br \/>\nPacote Office;<br \/>\nDesej\u00e1vel conhecimento em ferramentas da qualidade;<br \/>\nDiferencial curso de torneiro ou ajustador mec\u00e2nico;<br \/>\nViv\u00eancia com equipamentos industriais de manufatura<br \/>\nNR 11 &#8211; PALETEIRA; NR 33; NR 35<\/p>\n<p>Atividades:<\/p>\n<p>Desempenhar atividades na Se\u00e7\u00e3o de Manuten\u00e7\u00e3o Mec\u00e2nica, com autonomia t\u00e9cnica e responsabilidade crescente, tarefas relativas \u00e0 manuten\u00e7\u00e3o preventiva e corretiva dos equipamentos fabris, flexografia e instala\u00e7\u00e3o de equipamentos, desmontando, inspecionando, reparando, montando, cortando e modificando, de acordo com as prioridades e prazos estabelecidos, observando a necessidade de substitui\u00e7\u00e3o de pe\u00e7as e componentes, operacionalizando os planos de lubrifica\u00e7\u00e3o, observando desenhos, interpretando manuais mec\u00e2nicos, esquemas e especifica\u00e7\u00f5es t\u00e9cnicas, utilizando ferramentas apropriadas, equipamentos e aparelhos espec\u00edficos, com \u00eanfase em an\u00e1lise detalhada de falhas em sua causa raiz, atuando no Gap Analysis, com a finalidade de garantir a continuidade do processo produtivo, evitando paradas n\u00e3o programadas que resultem em perda de produtos.<\/p>\n<p>Hor\u00e1rio de trabalho:<\/p>\n<p>Disponibilidade para atuar no 2\u00ba turno das 13:00 AS 22:00, segunda a sexta (disponibilidade de hor\u00e1rio, inclusive para atua\u00e7\u00e3o aos finais de semana)<\/p>\n<p>Local de trabalho:<\/p>\n<p>Jacarepagu\u00e1 &#8211; Rio de Janeiro\/RJ.<br \/>\nSal\u00e1rio<br \/>\nR$5130,00<\/p>\n<p>Benef\u00edcios<br \/>\nAssist\u00eancia m\u00e9dica<br \/>\nAssist\u00eancia odontol\u00f3gica<br \/>\nRestaurante interno<br \/>\nSeguro de vida<br \/>\nVale-transporte<\/p>\n<ul>\n<li>Local de trabalho: Rio de Janeiro, RJ<\/li>\n<li>Regime de contrata\u00e7\u00e3o de tipo: Efetivo \u2013 CLT<\/li>\n<li>Jornada: Per\u00edodo Integral<\/li>\n<li>\u00c1rea e especializa\u00e7\u00e3o profissional: Industrial, Produ\u00e7\u00e3o, F\u00e1brica &#8211; Instrumenta\u00e7\u00e3o Industrial<\/li>\n<li>N\u00edvel hier\u00e1rquico: Operacional<\/li>\n<\/ul>\n<p>VALORIZADO<\/p>\n<p>Tempo de experi\u00eancia: Entre 1 e 3 anos<\/p>\n<p>Escolaridade M\u00ednima: Curso T\u00e9cnico<\/p>\n<p>Sal\u00e1rio: 5130,0<\/p>\n","protected":false},"excerpt":{"rendered":"<p>O Grupo Seres em parceria com uma empresa multinacional no segmento farmac\u00eautico, seleciona profissional para atuar na fun\u00e7\u00e3o de Mec\u00e2nico de Manuten\u00e7\u00e3o Industrial. Requisitos: Ensino T\u00e9cnico em Mec\u00e2nica; Pacote Office; Desej\u00e1vel conhecimento em ferramentas da qualidade; Diferencial curso de torneiro ou ajustador mec\u00e2nico; Viv\u00eancia com equipamentos industriais de manufatura NR 11 &#8211; PALETEIRA; NR 33; [&hellip;]<\/p>\n","protected":false},"author":1,"featured_media":0,"comment_status":"open","ping_status":"open","sticky":false,"template":"","format":"standard","meta":{"footnotes":""},"categories":[21],"tags":[],"class_list":["post-4874","post","type-post","status-publish","format-standard","hentry","category-rio-de-janeiro-rj"],"_links":{"self":[{"href":"https:\/\/vagas.portalemprego.com.br\/index.php?rest_route=\/wp\/v2\/posts\/4874","targetHints":{"allow":["GET"]}}],"collection":[{"href":"https:\/\/vagas.portalemprego.com.br\/index.php?rest_route=\/wp\/v2\/posts"}],"about":[{"href":"https:\/\/vagas.portalemprego.com.br\/index.php?rest_route=\/wp\/v2\/types\/post"}],"author":[{"embeddable":true,"href":"https:\/\/vagas.portalemprego.com.br\/index.php?rest_route=\/wp\/v2\/users\/1"}],"replies":[{"embeddable":true,"href":"https:\/\/vagas.portalemprego.com.br\/index.php?rest_route=%2Fwp%2Fv2%2Fcomments&post=4874"}],"version-history":[{"count":0,"href":"https:\/\/vagas.portalemprego.com.br\/index.php?rest_route=\/wp\/v2\/posts\/4874\/revisions"}],"wp:attachment":[{"href":"https:\/\/vagas.portalemprego.com.br\/index.php?rest_route=%2Fwp%2Fv2%2Fmedia&parent=4874"}],"wp:term":[{"taxonomy":"category","embeddable":true,"href":"https:\/\/vagas.portalemprego.com.br\/index.php?rest_route=%2Fwp%2Fv2%2Fcategories&post=4874"},{"taxonomy":"post_tag","embeddable":true,"href":"https:\/\/vagas.portalemprego.com.br\/index.php?rest_route=%2Fwp%2Fv2%2Ftags&post=4874"}],"curies":[{"name":"wp","href":"https:\/\/api.w.org\/{rel}","templated":true}]}}