{"id":4876,"date":"2026-04-29T06:15:15","date_gmt":"2026-04-29T09:15:15","guid":{"rendered":"https:\/\/vagas.portalemprego.com.br\/?p=4876"},"modified":"2026-04-29T06:15:15","modified_gmt":"2026-04-29T09:15:15","slug":"vendedor-de-veiculos-comercial-vendas-rio-de-janeiro","status":"publish","type":"post","link":"https:\/\/vagas.portalemprego.com.br\/?p=4876","title":{"rendered":"Vendedor de Ve\u00edculos &#8211; Comercial, Vendas &#8211; Rio de Janeiro"},"content":{"rendered":"<p>VENDEDOR DE VE\u00cdCULOS<br \/>\nQuer acelerar sua carreira em um dos Grupos mais respeitados do mercado?<br \/>\nO Grupo Kobe Elija \u00e9 refer\u00eancia consolidada no setor, operando com excel\u00eancia as concession\u00e1rias da Honda (Rio T\u00f3kio e Narita).<br \/>\nEspecializados na comercializa\u00e7\u00e3o de ve\u00edculos novos e seminovos (e p\u00f3s-venda), constru\u00edmos uma trajet\u00f3ria s\u00f3lida baseada na qualidade e na confian\u00e7a.<br \/>\nCom sede no Rio de Janeiro, possu\u00edmos quatro unidades estrategicamente localizadas (Barra da Tijuca, Botafogo, Tijuca e Recreio), para oferecer a melhor experi\u00eancia aos nossos clientes.<br \/>\nEstamos em busca de um profissional din\u00e2mico, com paix\u00e3o pelo setor automotivo e foco total na experi\u00eancia do cliente para integrar o time de vendas da nossa concession\u00e1ria Honda.<br \/>\nSe voc\u00ea deseja fazer parte de uma empresa comprometida e acredita que seu perfil est\u00e1 alinhado com o nosso, seu lugar \u00e9 aqui!<br \/>\nPrincipais Responsabilidades:<br \/>\nConsultoria T\u00e9cnica: Realizar a demonstra\u00e7\u00e3o detalhada dos ve\u00edculos, apresentando diferenciais tecnol\u00f3gicos, fichas t\u00e9cnicas e a seguran\u00e7a da marca Honda.<br \/>\nNegocia\u00e7\u00e3o: Gerir o ciclo completo de venda, desde a prospec\u00e7\u00e3o e negocia\u00e7\u00e3o de pre\u00e7os\/condi\u00e7\u00f5es de pagamento at\u00e9 o fechamento.<br \/>\nP\u00f3s-Venda: Acompanhar o status dos pedidos e garantir uma entrega t\u00e9cnica impec\u00e1vel, zelando pela satisfa\u00e7\u00e3o do cliente.<br \/>\nGest\u00e3o de Carteira: Manter e expandir o relacionamento com clientes ativos e realizar o follow-up de novos leads.<br \/>\nRequisitos:<br \/>\nExperi\u00eancia Consolidada: S\u00f3lida trajet\u00f3ria anterior com vendas de ve\u00edculos (concession\u00e1ria ou multimarcas).<br \/>\nHabilita\u00e7\u00e3o: CNH categoria B ativa.<br \/>\nPerfil Comercial: Possuir carteira de clientes ativa e facilidade com ferramentas de CRM.<br \/>\nEscolaridade: Ensino M\u00e9dio completo (Superior cursando ou completo ser\u00e1 um diferencial).<br \/>\nDiferenciais:<br \/>\nCursos e certifica\u00e7\u00f5es em T\u00e9cnicas de Vendas e Negocia\u00e7\u00e3o.<br \/>\nConhecimento profundo sobre o ecossistema de financiamentos e seguros automotivos.<br \/>\nExperi\u00eancia pr\u00e9via com a marca Honda ou marcas premium.<br \/>\nDom\u00ednio de redes sociais para prospec\u00e7\u00e3o digital.<br \/>\nHabilidades Comportamentais:<br \/>\nComunica\u00e7\u00e3o Persuasiva: Capacidade de transmitir confian\u00e7a e clareza t\u00e9cnica.<br \/>\nOrienta\u00e7\u00e3o para Resultados: Foco no atingimento de metas e supera\u00e7\u00e3o de desafios.<br \/>\nEmpatia e Atendimento: Habilidade para entender a necessidade do cliente e oferecer a melhor solu\u00e7\u00e3o.<br \/>\nResili\u00eancia: Persist\u00eancia para lidar com obje\u00e7\u00f5es e negocia\u00e7\u00f5es complexas.<br \/>\nOrganiza\u00e7\u00e3o: Disciplina no acompanhamento de processos administrativos e funil de vendas.<br \/>\nVenha crescer conosco em um ambiente que une tradi\u00e7\u00e3o e alta performance.<br \/>\nFa\u00e7a parte do nosso time!<\/p>\n<ul>\n<li>Local de trabalho: Rio de Janeiro, RJ<\/li>\n<li>Regime de contrata\u00e7\u00e3o de tipo: Efetivo \u2013 CLT<\/li>\n<li>Jornada: Per\u00edodo Integral<\/li>\n<li>\u00c1rea e especializa\u00e7\u00e3o profissional: Comercial, Vendas &#8211; Venda T\u00e9cnica<\/li>\n<li>N\u00edvel hier\u00e1rquico: Consultor<\/li>\n<\/ul>\n<p>Escolaridade M\u00ednima: Ensino M\u00e9dio (2\u00ba Grau)<\/p>\n<ul>\n<li>Total Pass<\/li>\n<li>Conv\u00eanio com o SESC<\/li>\n<li>Assist\u00eancia odontol\u00f3gica<\/li>\n<li>Assist\u00eancia m\u00e9dica<\/li>\n<li>Seguro de Vida<\/li>\n<li>Vale-alimenta\u00e7\u00e3o<\/li>\n<li>Refei\u00e7\u00e3o no local<\/li>\n<li>Aux\u00edlio farm\u00e1cia<\/li>\n<li>Vale-transporte<\/li>\n<\/ul>\n","protected":false},"excerpt":{"rendered":"<p>VENDEDOR DE VE\u00cdCULOS Quer acelerar sua carreira em um dos Grupos mais respeitados do mercado? O Grupo Kobe Elija \u00e9 refer\u00eancia consolidada no setor, operando com excel\u00eancia as concession\u00e1rias da Honda (Rio T\u00f3kio e Narita). Especializados na comercializa\u00e7\u00e3o de ve\u00edculos novos e seminovos (e p\u00f3s-venda), constru\u00edmos uma trajet\u00f3ria s\u00f3lida baseada na qualidade e na confian\u00e7a. [&hellip;]<\/p>\n","protected":false},"author":1,"featured_media":0,"comment_status":"open","ping_status":"open","sticky":false,"template":"","format":"standard","meta":{"footnotes":""},"categories":[21],"tags":[],"class_list":["post-4876","post","type-post","status-publish","format-standard","hentry","category-rio-de-janeiro-rj"],"_links":{"self":[{"href":"https:\/\/vagas.portalemprego.com.br\/index.php?rest_route=\/wp\/v2\/posts\/4876","targetHints":{"allow":["GET"]}}],"collection":[{"href":"https:\/\/vagas.portalemprego.com.br\/index.php?rest_route=\/wp\/v2\/posts"}],"about":[{"href":"https:\/\/vagas.portalemprego.com.br\/index.php?rest_route=\/wp\/v2\/types\/post"}],"author":[{"embeddable":true,"href":"https:\/\/vagas.portalemprego.com.br\/index.php?rest_route=\/wp\/v2\/users\/1"}],"replies":[{"embeddable":true,"href":"https:\/\/vagas.portalemprego.com.br\/index.php?rest_route=%2Fwp%2Fv2%2Fcomments&post=4876"}],"version-history":[{"count":0,"href":"https:\/\/vagas.portalemprego.com.br\/index.php?rest_route=\/wp\/v2\/posts\/4876\/revisions"}],"wp:attachment":[{"href":"https:\/\/vagas.portalemprego.com.br\/index.php?rest_route=%2Fwp%2Fv2%2Fmedia&parent=4876"}],"wp:term":[{"taxonomy":"category","embeddable":true,"href":"https:\/\/vagas.portalemprego.com.br\/index.php?rest_route=%2Fwp%2Fv2%2Fcategories&post=4876"},{"taxonomy":"post_tag","embeddable":true,"href":"https:\/\/vagas.portalemprego.com.br\/index.php?rest_route=%2Fwp%2Fv2%2Ftags&post=4876"}],"curies":[{"name":"wp","href":"https:\/\/api.w.org\/{rel}","templated":true}]}}