{"id":4880,"date":"2026-04-29T06:15:15","date_gmt":"2026-04-29T09:15:15","guid":{"rendered":"https:\/\/vagas.portalemprego.com.br\/?p=4880"},"modified":"2026-04-29T06:15:15","modified_gmt":"2026-04-29T09:15:15","slug":"jovem-aprendiz-comercial-vendas-rio-de-janeiro-4","status":"publish","type":"post","link":"https:\/\/vagas.portalemprego.com.br\/?p=4880","title":{"rendered":"Jovem Aprendiz &#8211; Comercial, Vendas &#8211; Rio de Janeiro"},"content":{"rendered":"<p>&#8220;Sobre a vaga:<br \/>\nTrabalhamos para voc\u00ea ser mais voc\u00ea em todos os momentos, come\u00e7ando pela sua carreira. Se voc\u00ea se identifica conosco e procura uma empresa, acima de tudo, apaixonada por pessoas,<br \/>\n#VemPraCeA!<\/p>\n<p>Principais atribui\u00e7\u00f5es:<br \/>\n&#8211; Atender de maneira atenciosa e cordial, garantindo os passos de atendimento, buscando solu\u00e7\u00f5es efetivas para as necessidades de nossos clientes, e realizando a venda de nossos produtos\/servi\u00e7os financeiros (Cart\u00e3o C&amp;A Pay, Seguros, etc.);<br \/>\n&#8211; Garantir a finaliza\u00e7\u00e3o da venda na \u00e1rea do Caixa;<br \/>\n&#8211; Garantir a reposi\u00e7\u00e3o de materiais no posto de trabalho, Acompanhar as tarefas e metas di\u00e1rias.<br \/>\nRequisitos Obrigat\u00f3rios:<br \/>\n&#8211; Ensino m\u00e9dio cursando (noite) ou completo.<br \/>\n&#8211; Comunicar-se de forma clara, eficiente e respeitosa.&#8221;<\/p>\n<ul>\n<li>Local de trabalho: Rio de Janeiro, RJ<\/li>\n<li>Regime de contrata\u00e7\u00e3o de tipo: Efetivo \u2013 CLT<\/li>\n<li>Jornada: Per\u00edodo Integral<\/li>\n<li>\u00c1rea e especializa\u00e7\u00e3o profissional: Comercial, Vendas &#8211; Lojas \/ Shopping<\/li>\n<li>N\u00edvel hier\u00e1rquico: Auxiliar<\/li>\n<\/ul>\n<p>VALORIZADO<\/p>\n<p>Tempo de experi\u00eancia: Sem experi\u00eancia<\/p>\n<p>Escolaridade M\u00ednima: Ensino M\u00e9dio (2\u00ba Grau)<\/p>\n<ul>\n<li>Desconto de 20% nos produtos C&amp;A<\/li>\n<li>Vale transporte<\/li>\n<li>Participa\u00e7\u00e3o de lucros<\/li>\n<li>Day-off \u2013 folga de anivers\u00e1rio<\/li>\n<li>VALE REFEI\u00c7\u00c3O\/ALIMENTA\u00c7AO<\/li>\n<\/ul>\n<p>Sal\u00e1rio: 1600,0<\/p>\n","protected":false},"excerpt":{"rendered":"<p>&#8220;Sobre a vaga: Trabalhamos para voc\u00ea ser mais voc\u00ea em todos os momentos, come\u00e7ando pela sua carreira. Se voc\u00ea se identifica conosco e procura uma empresa, acima de tudo, apaixonada por pessoas, #VemPraCeA! Principais atribui\u00e7\u00f5es: &#8211; Atender de maneira atenciosa e cordial, garantindo os passos de atendimento, buscando solu\u00e7\u00f5es efetivas para as necessidades de nossos [&hellip;]<\/p>\n","protected":false},"author":1,"featured_media":0,"comment_status":"open","ping_status":"open","sticky":false,"template":"","format":"standard","meta":{"footnotes":""},"categories":[21],"tags":[],"class_list":["post-4880","post","type-post","status-publish","format-standard","hentry","category-rio-de-janeiro-rj"],"_links":{"self":[{"href":"https:\/\/vagas.portalemprego.com.br\/index.php?rest_route=\/wp\/v2\/posts\/4880","targetHints":{"allow":["GET"]}}],"collection":[{"href":"https:\/\/vagas.portalemprego.com.br\/index.php?rest_route=\/wp\/v2\/posts"}],"about":[{"href":"https:\/\/vagas.portalemprego.com.br\/index.php?rest_route=\/wp\/v2\/types\/post"}],"author":[{"embeddable":true,"href":"https:\/\/vagas.portalemprego.com.br\/index.php?rest_route=\/wp\/v2\/users\/1"}],"replies":[{"embeddable":true,"href":"https:\/\/vagas.portalemprego.com.br\/index.php?rest_route=%2Fwp%2Fv2%2Fcomments&post=4880"}],"version-history":[{"count":0,"href":"https:\/\/vagas.portalemprego.com.br\/index.php?rest_route=\/wp\/v2\/posts\/4880\/revisions"}],"wp:attachment":[{"href":"https:\/\/vagas.portalemprego.com.br\/index.php?rest_route=%2Fwp%2Fv2%2Fmedia&parent=4880"}],"wp:term":[{"taxonomy":"category","embeddable":true,"href":"https:\/\/vagas.portalemprego.com.br\/index.php?rest_route=%2Fwp%2Fv2%2Fcategories&post=4880"},{"taxonomy":"post_tag","embeddable":true,"href":"https:\/\/vagas.portalemprego.com.br\/index.php?rest_route=%2Fwp%2Fv2%2Ftags&post=4880"}],"curies":[{"name":"wp","href":"https:\/\/api.w.org\/{rel}","templated":true}]}}