{"id":4887,"date":"2026-04-29T06:15:15","date_gmt":"2026-04-29T09:15:15","guid":{"rendered":"https:\/\/vagas.portalemprego.com.br\/?p=4887"},"modified":"2026-04-29T06:15:15","modified_gmt":"2026-04-29T09:15:15","slug":"consultora-de-vendas-cosmeticos-comercial-vendas-rio-de-janeiro","status":"publish","type":"post","link":"https:\/\/vagas.portalemprego.com.br\/?p=4887","title":{"rendered":"Consultor(a) de Vendas &#8211; Cosm\u00e9ticos &#8211; Comercial, Vendas &#8211; Rio de Janeiro"},"content":{"rendered":"<p>&#8220;Sobre a vaga:<br \/>\nTrabalhamos para voc\u00ea ser mais voc\u00ea em todos os momentos, come\u00e7ando pela sua carreira. Se voc\u00ea se identifica conosco e procura uma empresa, acima de tudo, apaixonada por pessoas,<br \/>\n#VemPraCeA!<\/p>\n<p>Principais atribui\u00e7\u00f5es:<br \/>\n&#8211; Empatia e atitude no atendimento (sentir-se confort\u00e1vel em atender e vender);<br \/>\n&#8211; Realizar vendas, lidando com metas estabelecidas;<br \/>\n&#8211; Prospectar de novos clientes e comercializa\u00e7\u00e3o de produtos adicionais;<br \/>\n&#8211; Oferecer o melhor atendimento \u00e0s clientes, dentro dos padr\u00f5es estabelecidos pela empresa;<br \/>\n&#8211; Gerar conex\u00e3o total com a cliente e estar atento aos detalhes e sens\u00edvel as necessidades da cliente;<br \/>\n&#8211; Executar rotinas com disciplina e agilidade\/velocidade;<br \/>\n&#8211; Realizar vendas ativas e receptivas para p\u00fablico diverso;<br \/>\n&#8211; Zelar pelo espa\u00e7o e pelas pe\u00e7as e equipamentos como um todo;<br \/>\n&#8211; Aprimorar os conhecimentos na fun\u00e7\u00e3o atual, atrav\u00e9s da participa\u00e7\u00e3o de treinamentos oferecidos pela empresa.<\/p>\n<p>Requisitos obrigat\u00f3rios:<br \/>\n&#8211; Comunicar-se de forma clara, eficiente e respeitosa;<br \/>\n&#8211; Ter um bom relacionamento com o p\u00fablico;<br \/>\n&#8211; Desej\u00e1vel conhecimento e afinidade com a \u00e1rea de Cosm\u00e9ticos;<br \/>\n&#8211; Ter boas habilidades com vendas presenciais, entendendo as necessidades da pessoa cliente;<br \/>\n&#8211; Comunicar-se de forma clara, eficiente e respeitosa;<br \/>\n&#8211; Forma\u00e7\u00e3o Acad\u00eamica: necess\u00e1rio ter ensino m\u00e9dio completo.&#8221;<\/p>\n<ul>\n<li>N\u00famero de vagas: 2<\/li>\n<li>Local de trabalho: Rio de Janeiro, RJ<\/li>\n<li>Regime de contrata\u00e7\u00e3o de tipo: Efetivo \u2013 CLT<\/li>\n<li>Jornada: Per\u00edodo Integral<\/li>\n<li>\u00c1rea e especializa\u00e7\u00e3o profissional: Comercial, Vendas &#8211; Lojas \/ Shopping<\/li>\n<li>N\u00edvel hier\u00e1rquico: Consultor<\/li>\n<\/ul>\n<p>Escolaridade M\u00ednima: Ensino M\u00e9dio (2\u00ba Grau)<\/p>\n<p>Forma\u00e7\u00e3o desejada:<\/p>\n<ul>\n<li>Ensino M\u00e9dio (2\u00ba Grau)<\/li>\n<\/ul>\n<ul>\n<li>Desconto de 20% nos produtos C&amp;A<\/li>\n<li>Day-off \u2013 folga de anivers\u00e1rio<\/li>\n<li>F\u00e9rias semestrais<\/li>\n<li>Participa\u00e7\u00e3o de lucros<\/li>\n<li>Restaurante interno ou vale-refei\u00e7\u00e3o<\/li>\n<li>Vale transporte<\/li>\n<\/ul>\n","protected":false},"excerpt":{"rendered":"<p>&#8220;Sobre a vaga: Trabalhamos para voc\u00ea ser mais voc\u00ea em todos os momentos, come\u00e7ando pela sua carreira. Se voc\u00ea se identifica conosco e procura uma empresa, acima de tudo, apaixonada por pessoas, #VemPraCeA! Principais atribui\u00e7\u00f5es: &#8211; Empatia e atitude no atendimento (sentir-se confort\u00e1vel em atender e vender); &#8211; Realizar vendas, lidando com metas estabelecidas; &#8211; [&hellip;]<\/p>\n","protected":false},"author":1,"featured_media":0,"comment_status":"open","ping_status":"open","sticky":false,"template":"","format":"standard","meta":{"footnotes":""},"categories":[21],"tags":[],"class_list":["post-4887","post","type-post","status-publish","format-standard","hentry","category-rio-de-janeiro-rj"],"_links":{"self":[{"href":"https:\/\/vagas.portalemprego.com.br\/index.php?rest_route=\/wp\/v2\/posts\/4887","targetHints":{"allow":["GET"]}}],"collection":[{"href":"https:\/\/vagas.portalemprego.com.br\/index.php?rest_route=\/wp\/v2\/posts"}],"about":[{"href":"https:\/\/vagas.portalemprego.com.br\/index.php?rest_route=\/wp\/v2\/types\/post"}],"author":[{"embeddable":true,"href":"https:\/\/vagas.portalemprego.com.br\/index.php?rest_route=\/wp\/v2\/users\/1"}],"replies":[{"embeddable":true,"href":"https:\/\/vagas.portalemprego.com.br\/index.php?rest_route=%2Fwp%2Fv2%2Fcomments&post=4887"}],"version-history":[{"count":0,"href":"https:\/\/vagas.portalemprego.com.br\/index.php?rest_route=\/wp\/v2\/posts\/4887\/revisions"}],"wp:attachment":[{"href":"https:\/\/vagas.portalemprego.com.br\/index.php?rest_route=%2Fwp%2Fv2%2Fmedia&parent=4887"}],"wp:term":[{"taxonomy":"category","embeddable":true,"href":"https:\/\/vagas.portalemprego.com.br\/index.php?rest_route=%2Fwp%2Fv2%2Fcategories&post=4887"},{"taxonomy":"post_tag","embeddable":true,"href":"https:\/\/vagas.portalemprego.com.br\/index.php?rest_route=%2Fwp%2Fv2%2Ftags&post=4887"}],"curies":[{"name":"wp","href":"https:\/\/api.w.org\/{rel}","templated":true}]}}