{"id":4888,"date":"2026-04-29T06:15:15","date_gmt":"2026-04-29T09:15:15","guid":{"rendered":"https:\/\/vagas.portalemprego.com.br\/?p=4888"},"modified":"2026-04-29T06:15:15","modified_gmt":"2026-04-29T09:15:15","slug":"gerente-de-projetos-informatica-ti-telecomunicacoes-rio-de-janeiro","status":"publish","type":"post","link":"https:\/\/vagas.portalemprego.com.br\/?p=4888","title":{"rendered":"Gerente de Projetos &#8211; Inform\u00e1tica, TI, Telecomunica\u00e7\u00f5es &#8211; Rio de Janeiro"},"content":{"rendered":"<p>Responsabilidades:<\/p>\n<p>Gerenciar o ciclo completo de contratos, desde a an\u00e1lise inicial at\u00e9 a execu\u00e7\u00e3o, renova\u00e7\u00e3o ou encerramento.<br \/>\nMonitorar obriga\u00e7\u00f5es contratuais, prazos, metas, SLAs e indicadores de performance.<br \/>\nRealizar an\u00e1lises de riscos contratuais, propondo a\u00e7\u00f5es preventivas e planos de mitiga\u00e7\u00e3o.<br \/>\nGarantir a ader\u00eancia \u00e0s legisla\u00e7\u00f5es aplic\u00e1veis, incluindo Lei no 14.133\/2021, quando envolver contratos p\u00fablicos.<br \/>\nConduzir processos de compliance contratual, assegurando conformidade com normas internas e externas.<br \/>\nAtuar como ponto focal no relacionamento com clientes e fornecedores, garantindo satisfa\u00e7\u00e3o e resolu\u00e7\u00e3o de demandas.<br \/>\nSuportar \u00e1reas Comercial e Opera\u00e7\u00f5es na interpreta\u00e7\u00e3o de cl\u00e1usulas, escopo e requisitos dos contratos.<br \/>\nCoordenar revis\u00f5es, aditivos, reequil\u00edbrios e renegocia\u00e7\u00f5es contratuais.<br \/>\nAcompanhar e reportar indicadores financeiros, custos operacionais e rentabilidade dos contratos.<br \/>\nParticipar da defini\u00e7\u00e3o de estrat\u00e9gias para melhorar resultados operacionais e mitigar riscos legais ou financeiros.<br \/>\nImplementar melhorias cont\u00ednuas nos processos de gest\u00e3o contratual. Requisitos:<\/p>\n<p>Requisitos T\u00e9cnicos<br \/>\nForma\u00e7\u00e3o em Administra\u00e7\u00e3o, Direito, Engenharia, Gest\u00e3o de Projetos ou \u00e1reas correlatas.<br \/>\nExperi\u00eancia em gest\u00e3o de contratos corporativos ou governamentais.<br \/>\nViv\u00eancia comprovada em an\u00e1lise jur\u00eddica b\u00e1sica, interpreta\u00e7\u00e3o de cl\u00e1usulas e avalia\u00e7\u00e3o de riscos.<br \/>\nDom\u00ednio de Excel avan\u00e7ado, sistemas de gest\u00e3o contratual (ERP\/CRM) e ferramentas de controle de indicadores.<br \/>\nConhecimento s\u00f3lido em processos de licita\u00e7\u00e3o e contrata\u00e7\u00e3o p\u00fablica (quando aplic\u00e1vel).<br \/>\nCapacidade de conduzir negocia\u00e7\u00f5es, revis\u00f5es e ajustes contratuais com autonomia.<\/p>\n<p>Conhecimentos Obrigat\u00f3rios:<\/p>\n<p>Lei no 14.133\/2021 (quando aplic\u00e1vel a contratos p\u00fablicos).<br \/>\nPrinc\u00edpios de gest\u00e3o de contratos e governan\u00e7a corporativa.<br \/>\nNormas e pol\u00edticas de compliance, anticorrup\u00e7\u00e3o e integridade.<br \/>\nFerramentas de gest\u00e3o de riscos, indicadores e an\u00e1lise financeira.<br \/>\nElabora\u00e7\u00e3o e interpreta\u00e7\u00e3o de aditivos, termos de refer\u00eancia e SLAs.<\/p>\n<ul>\n<li>Local de trabalho: Rio de Janeiro, RJ<\/li>\n<li>Regime de contrata\u00e7\u00e3o de tipo: Prestador de Servi\u00e7os (PJ)<\/li>\n<li>Jornada: Per\u00edodo Integral<\/li>\n<li>\u00c1rea e especializa\u00e7\u00e3o profissional: Inform\u00e1tica, TI, Telecomunica\u00e7\u00f5es &#8211; Inform\u00e1tica<\/li>\n<li>N\u00edvel hier\u00e1rquico: Gerente<\/li>\n<\/ul>\n<p>VALORIZADO<\/p>\n<p>Tempo de experi\u00eancia: Menos de 1 ano<\/p>\n<p>Escolaridade M\u00ednima: Ensino Fundamental (1\u00ba grau)<\/p>\n<p>Forma\u00e7\u00e3o desejada:<\/p>\n<ul>\n<li>, Ensino Fundamental (1\u00ba grau)<\/li>\n<\/ul>\n<ul>\n<li>Assist\u00eancia Odontol\u00f3gica<\/li>\n<li>Seguro de Vida em Grupo<\/li>\n<li>T\u00edquete Refei\u00e7\u00e3o<\/li>\n<li>Vale Transporte<\/li>\n<\/ul>\n<p>Sal\u00e1rio: 2000,0<\/p>\n","protected":false},"excerpt":{"rendered":"<p>Responsabilidades: Gerenciar o ciclo completo de contratos, desde a an\u00e1lise inicial at\u00e9 a execu\u00e7\u00e3o, renova\u00e7\u00e3o ou encerramento. Monitorar obriga\u00e7\u00f5es contratuais, prazos, metas, SLAs e indicadores de performance. Realizar an\u00e1lises de riscos contratuais, propondo a\u00e7\u00f5es preventivas e planos de mitiga\u00e7\u00e3o. Garantir a ader\u00eancia \u00e0s legisla\u00e7\u00f5es aplic\u00e1veis, incluindo Lei no 14.133\/2021, quando envolver contratos p\u00fablicos. Conduzir processos [&hellip;]<\/p>\n","protected":false},"author":1,"featured_media":0,"comment_status":"open","ping_status":"open","sticky":false,"template":"","format":"standard","meta":{"footnotes":""},"categories":[21],"tags":[],"class_list":["post-4888","post","type-post","status-publish","format-standard","hentry","category-rio-de-janeiro-rj"],"_links":{"self":[{"href":"https:\/\/vagas.portalemprego.com.br\/index.php?rest_route=\/wp\/v2\/posts\/4888","targetHints":{"allow":["GET"]}}],"collection":[{"href":"https:\/\/vagas.portalemprego.com.br\/index.php?rest_route=\/wp\/v2\/posts"}],"about":[{"href":"https:\/\/vagas.portalemprego.com.br\/index.php?rest_route=\/wp\/v2\/types\/post"}],"author":[{"embeddable":true,"href":"https:\/\/vagas.portalemprego.com.br\/index.php?rest_route=\/wp\/v2\/users\/1"}],"replies":[{"embeddable":true,"href":"https:\/\/vagas.portalemprego.com.br\/index.php?rest_route=%2Fwp%2Fv2%2Fcomments&post=4888"}],"version-history":[{"count":0,"href":"https:\/\/vagas.portalemprego.com.br\/index.php?rest_route=\/wp\/v2\/posts\/4888\/revisions"}],"wp:attachment":[{"href":"https:\/\/vagas.portalemprego.com.br\/index.php?rest_route=%2Fwp%2Fv2%2Fmedia&parent=4888"}],"wp:term":[{"taxonomy":"category","embeddable":true,"href":"https:\/\/vagas.portalemprego.com.br\/index.php?rest_route=%2Fwp%2Fv2%2Fcategories&post=4888"},{"taxonomy":"post_tag","embeddable":true,"href":"https:\/\/vagas.portalemprego.com.br\/index.php?rest_route=%2Fwp%2Fv2%2Ftags&post=4888"}],"curies":[{"name":"wp","href":"https:\/\/api.w.org\/{rel}","templated":true}]}}