{"id":4893,"date":"2026-04-29T06:16:16","date_gmt":"2026-04-29T09:16:16","guid":{"rendered":"https:\/\/vagas.portalemprego.com.br\/?p=4893"},"modified":"2026-04-29T06:16:16","modified_gmt":"2026-04-29T09:16:16","slug":"encarregado-i-expedicao-documental-recursos-humanos-campos-dos-goytacazes","status":"publish","type":"post","link":"https:\/\/vagas.portalemprego.com.br\/?p=4893","title":{"rendered":"Encarregado I &#8211; Expedi\u00e7\u00e3o Documental &#8211; Recursos Humanos &#8211; Campos dos Goytacazes"},"content":{"rendered":"<p>Coordena a opera\u00e7\u00e3o referente ao setor de recebimento, agendamento e recep\u00e7\u00e3o de notas ficais de fornecedores, entrada e cadastro de materiais nos sistemas operacionais, responde of\u00edcios pertinentes ao setor. Excel avan\u00e7ado; Ensino Superior; Experi\u00eancia \u00e1rea administrativa com gest\u00e3o de pessoas; Experi\u00eancia com expedi\u00e7\u00e3o documental. Com experi\u00eancia na \u00e1rea adm, pacote office, que tenha experi\u00eancia com gest\u00e3o de pessoas notas fiscais e expedi\u00e7\u00e3o para trabalhar em nosso setor de expedi\u00e7\u00e3o documental.<\/p>\n<ul>\n<li>Local de trabalho: Campos dos Goytacazes, RJ<\/li>\n<li>Regime de contrata\u00e7\u00e3o de tipo: Efetivo \u2013 CLT<\/li>\n<li>Jornada: Per\u00edodo Integral<\/li>\n<li>\u00c1rea e especializa\u00e7\u00e3o profissional: Recursos Humanos &#8211; Departamento Pessoal<\/li>\n<li>N\u00edvel hier\u00e1rquico: Especialista<\/li>\n<\/ul>\n<p>VALORIZADO<\/p>\n<p>Tempo de experi\u00eancia: Menos de 1 ano<\/p>\n<p>Escolaridade M\u00ednima: Ensino Fundamental (1\u00ba grau)<\/p>\n<p>Forma\u00e7\u00e3o desejada:<\/p>\n<ul>\n<li>, Ensino Fundamental (1\u00ba grau)<\/li>\n<\/ul>\n<ul>\n<li>T\u00edquete Refei\u00e7\u00e3o<\/li>\n<li>Vale Transporte<\/li>\n<\/ul>\n","protected":false},"excerpt":{"rendered":"<p>Coordena a opera\u00e7\u00e3o referente ao setor de recebimento, agendamento e recep\u00e7\u00e3o de notas ficais de fornecedores, entrada e cadastro de materiais nos sistemas operacionais, responde of\u00edcios pertinentes ao setor. Excel avan\u00e7ado; Ensino Superior; Experi\u00eancia \u00e1rea administrativa com gest\u00e3o de pessoas; Experi\u00eancia com expedi\u00e7\u00e3o documental. Com experi\u00eancia na \u00e1rea adm, pacote office, que tenha experi\u00eancia com [&hellip;]<\/p>\n","protected":false},"author":1,"featured_media":0,"comment_status":"open","ping_status":"open","sticky":false,"template":"","format":"standard","meta":{"footnotes":""},"categories":[21],"tags":[],"class_list":["post-4893","post","type-post","status-publish","format-standard","hentry","category-rio-de-janeiro-rj"],"_links":{"self":[{"href":"https:\/\/vagas.portalemprego.com.br\/index.php?rest_route=\/wp\/v2\/posts\/4893","targetHints":{"allow":["GET"]}}],"collection":[{"href":"https:\/\/vagas.portalemprego.com.br\/index.php?rest_route=\/wp\/v2\/posts"}],"about":[{"href":"https:\/\/vagas.portalemprego.com.br\/index.php?rest_route=\/wp\/v2\/types\/post"}],"author":[{"embeddable":true,"href":"https:\/\/vagas.portalemprego.com.br\/index.php?rest_route=\/wp\/v2\/users\/1"}],"replies":[{"embeddable":true,"href":"https:\/\/vagas.portalemprego.com.br\/index.php?rest_route=%2Fwp%2Fv2%2Fcomments&post=4893"}],"version-history":[{"count":0,"href":"https:\/\/vagas.portalemprego.com.br\/index.php?rest_route=\/wp\/v2\/posts\/4893\/revisions"}],"wp:attachment":[{"href":"https:\/\/vagas.portalemprego.com.br\/index.php?rest_route=%2Fwp%2Fv2%2Fmedia&parent=4893"}],"wp:term":[{"taxonomy":"category","embeddable":true,"href":"https:\/\/vagas.portalemprego.com.br\/index.php?rest_route=%2Fwp%2Fv2%2Fcategories&post=4893"},{"taxonomy":"post_tag","embeddable":true,"href":"https:\/\/vagas.portalemprego.com.br\/index.php?rest_route=%2Fwp%2Fv2%2Ftags&post=4893"}],"curies":[{"name":"wp","href":"https:\/\/api.w.org\/{rel}","templated":true}]}}