{"id":4906,"date":"2026-04-29T06:16:16","date_gmt":"2026-04-29T09:16:16","guid":{"rendered":"https:\/\/vagas.portalemprego.com.br\/?p=4906"},"modified":"2026-04-29T06:16:16","modified_gmt":"2026-04-29T09:16:16","slug":"lider-de-logistica-logistica-rio-de-janeiro","status":"publish","type":"post","link":"https:\/\/vagas.portalemprego.com.br\/?p=4906","title":{"rendered":"L\u00edder de Log\u00edstica &#8211; Log\u00edstica &#8211; Rio de Janeiro"},"content":{"rendered":"<p>Estamos procurando um L\u00edder de Log\u00edstica I para fazer parte do nosso time e atuar de forma estrat\u00e9gica na excel\u00eancia das opera\u00e7\u00f5es do Centro de Distribui\u00e7\u00e3o.<br \/>\n?? Principais Atividades:<br \/>\nLiderar e aprimorar os processos log\u00edsticos, assegurando efici\u00eancia operacional e cumprimento dos prazos de entrega.<br \/>\nCapacitar, orientar e desenvolver a equipe, estimulando o alcance dos objetivos estabelecidos.<br \/>\nMonitorar indicadores de performance, identificando oportunidades de melhoria cont\u00ednua.<br \/>\nApoiar a integra\u00e7\u00e3o e o alinhamento com as demais \u00e1reas da empresa.<br \/>\nDesenvolver e aplicar estrat\u00e9gias voltadas ao aumento da produtividade e da competitividade do neg\u00f3cio.<br \/>\n?? Requisitos:<br \/>\nViv\u00eancia anterior na gest\u00e3o de opera\u00e7\u00f5es log\u00edsticas.<br \/>\nCapacidade de tomar decis\u00f5es assertivas em ambientes din\u00e2micos e sob press\u00e3o.<br \/>\nPerfil organizado, orientado a resultados e com habilidade para liderar pessoas.<br \/>\nBoa comunica\u00e7\u00e3o, esp\u00edrito de colabora\u00e7\u00e3o e lideran\u00e7a de equipes.<br \/>\nConhecimento em sistemas de gest\u00e3o log\u00edstica (WMS, SAP, Excel ou similares) ser\u00e1 considerado um diferencial.<br \/>\n?? O que oferecemos:<br \/>\nAmbiente de trabalho colaborativo e desafiador.<br \/>\nEst\u00edmulo ao crescimento e desenvolvimento profissional.<br \/>\nPossibilidade de evolu\u00e7\u00e3o e carreira dentro da organiza\u00e7\u00e3o.<br \/>\nSe voc\u00ea j\u00e1 faz parte do nosso time e busca novos desafios, esta \u00e9 a oportunidade ideal! ??<br \/>\n Candidate-se e venha fortalecer ainda mais a nossa opera\u00e7\u00e3o.<\/p>\n<ul>\n<li>N\u00famero de vagas: 3<\/li>\n<li>Local de trabalho: Rio de Janeiro, RJ<\/li>\n<li>Regime de contrata\u00e7\u00e3o de tipo: Efetivo \u2013 CLT<\/li>\n<li>Jornada: Per\u00edodo Integral<\/li>\n<li>\u00c1rea e especializa\u00e7\u00e3o profissional: Log\u00edstica &#8211; Estoque, Armazenagem, Dep\u00f3sito<\/li>\n<li>N\u00edvel hier\u00e1rquico: Encarregado<\/li>\n<\/ul>\n<p>VALORIZADO<\/p>\n<p>Tempo de experi\u00eancia: Entre 1 e 3 anos<\/p>\n<p>HABILIDADES<\/p>\n<ul>\n<li>Capacidade de tomada de decis\u00e3o sob press\u00e3o<\/li>\n<li>Comunica\u00e7\u00e3o clara e assertiva<\/li>\n<li>Lideran\u00e7a e gest\u00e3o de equipes<\/li>\n<li>Vis\u00e3o anal\u00edtica e foco em resultados<\/li>\n<li>Conhecimento em sistemas de gest\u00e3o (WMS, SAP, Excel\/Power BI)<\/li>\n<li>Capacidade de resolu\u00e7\u00e3o de problemas<\/li>\n<li>Organiza\u00e7\u00e3o e gest\u00e3o do tempo<\/li>\n<li>Adaptabilidade e proatividade<\/li>\n<li>Relacionamento interpessoal e trabalho em equipe<\/li>\n<li>excel<\/li>\n<\/ul>\n<p>Escolaridade M\u00ednima: Ensino Superior<\/p>\n<p>Forma\u00e7\u00e3o desejada:<\/p>\n<ul>\n<li>Administra\u00e7\u00e3o de empresas, Ensino Superior<\/li>\n<li>Log\u00edstica, Ensino Superior<\/li>\n<\/ul>\n<p>Habilita\u00e7\u00e3o para dirigir: B<\/p>\n","protected":false},"excerpt":{"rendered":"<p>Estamos procurando um L\u00edder de Log\u00edstica I para fazer parte do nosso time e atuar de forma estrat\u00e9gica na excel\u00eancia das opera\u00e7\u00f5es do Centro de Distribui\u00e7\u00e3o. ?? Principais Atividades: Liderar e aprimorar os processos log\u00edsticos, assegurando efici\u00eancia operacional e cumprimento dos prazos de entrega. Capacitar, orientar e desenvolver a equipe, estimulando o alcance dos objetivos [&hellip;]<\/p>\n","protected":false},"author":1,"featured_media":0,"comment_status":"open","ping_status":"open","sticky":false,"template":"","format":"standard","meta":{"footnotes":""},"categories":[21],"tags":[],"class_list":["post-4906","post","type-post","status-publish","format-standard","hentry","category-rio-de-janeiro-rj"],"_links":{"self":[{"href":"https:\/\/vagas.portalemprego.com.br\/index.php?rest_route=\/wp\/v2\/posts\/4906","targetHints":{"allow":["GET"]}}],"collection":[{"href":"https:\/\/vagas.portalemprego.com.br\/index.php?rest_route=\/wp\/v2\/posts"}],"about":[{"href":"https:\/\/vagas.portalemprego.com.br\/index.php?rest_route=\/wp\/v2\/types\/post"}],"author":[{"embeddable":true,"href":"https:\/\/vagas.portalemprego.com.br\/index.php?rest_route=\/wp\/v2\/users\/1"}],"replies":[{"embeddable":true,"href":"https:\/\/vagas.portalemprego.com.br\/index.php?rest_route=%2Fwp%2Fv2%2Fcomments&post=4906"}],"version-history":[{"count":0,"href":"https:\/\/vagas.portalemprego.com.br\/index.php?rest_route=\/wp\/v2\/posts\/4906\/revisions"}],"wp:attachment":[{"href":"https:\/\/vagas.portalemprego.com.br\/index.php?rest_route=%2Fwp%2Fv2%2Fmedia&parent=4906"}],"wp:term":[{"taxonomy":"category","embeddable":true,"href":"https:\/\/vagas.portalemprego.com.br\/index.php?rest_route=%2Fwp%2Fv2%2Fcategories&post=4906"},{"taxonomy":"post_tag","embeddable":true,"href":"https:\/\/vagas.portalemprego.com.br\/index.php?rest_route=%2Fwp%2Fv2%2Ftags&post=4906"}],"curies":[{"name":"wp","href":"https:\/\/api.w.org\/{rel}","templated":true}]}}