{"id":4907,"date":"2026-04-29T06:16:16","date_gmt":"2026-04-29T09:16:16","guid":{"rendered":"https:\/\/vagas.portalemprego.com.br\/?p=4907"},"modified":"2026-04-29T06:16:16","modified_gmt":"2026-04-29T09:16:16","slug":"auxiliar-de-servicos-gerais-servicos-gerais-rio-de-janeiro-67","status":"publish","type":"post","link":"https:\/\/vagas.portalemprego.com.br\/?p=4907","title":{"rendered":"Auxiliar de Servi\u00e7os Gerais &#8211; Servi\u00e7os Gerais &#8211; Rio de Janeiro"},"content":{"rendered":"<p>Estamos em busca de um Auxiliar de Servi\u00e7os Gerais para se juntar \u00e0 nossa equipe na ACCERTH SERVI\u00c7OS E TECNOLOGIA LTDA. Como Auxiliar de Servi\u00e7os Gerais, voc\u00ea desempenhar\u00e1 um papel fundamental na manuten\u00e7\u00e3o da organiza\u00e7\u00e3o e limpeza de nosso ambiente de trabalho. Sua responsabilidade principal ser\u00e1 garantir que todos os espa\u00e7os estejam sempre limpos, organizados e prontos para receber nossos colaboradores e clientes.<br \/>\nVoc\u00ea ser\u00e1 respons\u00e1vel por realizar tarefas di\u00e1rias de limpeza, como varrer, aspirar, lavar pisos, limpar banheiros e salas comuns, al\u00e9m de recolher e descartar o lixo de forma adequada. Tamb\u00e9m dever\u00e1 ajudar na manuten\u00e7\u00e3o de equipamentos e na organiza\u00e7\u00e3o de materiais de escrit\u00f3rio. Sua aten\u00e7\u00e3o aos detalhes e comprometimento com a higiene e organiza\u00e7\u00e3o s\u00e3o fundamentais para o bom funcionamento do nosso ambiente de trabalho.<br \/>\nPara esta posi\u00e7\u00e3o, buscamos algu\u00e9m com experi\u00eancia em servi\u00e7os gerais, preferencialmente em ambientes corporativos. \u00c9 importante que voc\u00ea tenha boa organiza\u00e7\u00e3o, responsabilidade e habilidade para trabalhar em equipe. Al\u00e9m disso, dever\u00e1 ter uma atitude positiva e proativa, estando sempre disposto a aprender e a se adaptar \u00e0s necessidades da empresa.<br \/>\nA ACCERTH SERVI\u00c7OS E TECNOLOGIA LTDA oferece um ambiente de trabalho acolhedor e uma cultura que valoriza o desenvolvimento profissional de cada membro da equipe. Se voc\u00ea est\u00e1 procurando uma oportunidade para aplicar suas habilidades em servi\u00e7os gerais e contribuir para uma empresa que se preocupa com o bem-estar de seus colaboradores, esta \u00e9 a chance ideal para voc\u00ea.<br \/>\nInteressados devem enviar seu curr\u00edculo diretamente pelo sistema de sele\u00e7\u00e3o da empresa. Estamos ansiosos para conhecer seu perfil e avaliar como voc\u00ea pode contribuir para o nosso ambiente de trabalho.<\/p>\n<ul>\n<li>Local de trabalho: Rio de Janeiro, RJ<\/li>\n<li>Regime de contrata\u00e7\u00e3o de tipo: Efetivo \u2013 CLT<\/li>\n<li>Jornada: Per\u00edodo Integral<\/li>\n<li>\u00c1rea e especializa\u00e7\u00e3o profissional: Servi\u00e7os Gerais &#8211; Limpeza<\/li>\n<li>N\u00edvel hier\u00e1rquico: Auxiliar<\/li>\n<\/ul>\n<p>VALORIZADO<\/p>\n<p>Tempo de experi\u00eancia: Entre 1 e 3 anos<\/p>\n<p>HABILIDADES<\/p>\n<ul>\n<li>Pontual<\/li>\n<li>Desej\u00e1vel experi\u00eancia anterior na fun\u00e7\u00e3o<\/li>\n<li>Organizada<\/li>\n<li>Proativa<\/li>\n<li>Senso de comprometimento<\/li>\n<\/ul>\n<p>Escolaridade M\u00ednima: Ensino M\u00e9dio (2\u00ba Grau)<\/p>\n","protected":false},"excerpt":{"rendered":"<p>Estamos em busca de um Auxiliar de Servi\u00e7os Gerais para se juntar \u00e0 nossa equipe na ACCERTH SERVI\u00c7OS E TECNOLOGIA LTDA. Como Auxiliar de Servi\u00e7os Gerais, voc\u00ea desempenhar\u00e1 um papel fundamental na manuten\u00e7\u00e3o da organiza\u00e7\u00e3o e limpeza de nosso ambiente de trabalho. Sua responsabilidade principal ser\u00e1 garantir que todos os espa\u00e7os estejam sempre limpos, organizados [&hellip;]<\/p>\n","protected":false},"author":1,"featured_media":0,"comment_status":"open","ping_status":"open","sticky":false,"template":"","format":"standard","meta":{"footnotes":""},"categories":[21],"tags":[],"class_list":["post-4907","post","type-post","status-publish","format-standard","hentry","category-rio-de-janeiro-rj"],"_links":{"self":[{"href":"https:\/\/vagas.portalemprego.com.br\/index.php?rest_route=\/wp\/v2\/posts\/4907","targetHints":{"allow":["GET"]}}],"collection":[{"href":"https:\/\/vagas.portalemprego.com.br\/index.php?rest_route=\/wp\/v2\/posts"}],"about":[{"href":"https:\/\/vagas.portalemprego.com.br\/index.php?rest_route=\/wp\/v2\/types\/post"}],"author":[{"embeddable":true,"href":"https:\/\/vagas.portalemprego.com.br\/index.php?rest_route=\/wp\/v2\/users\/1"}],"replies":[{"embeddable":true,"href":"https:\/\/vagas.portalemprego.com.br\/index.php?rest_route=%2Fwp%2Fv2%2Fcomments&post=4907"}],"version-history":[{"count":0,"href":"https:\/\/vagas.portalemprego.com.br\/index.php?rest_route=\/wp\/v2\/posts\/4907\/revisions"}],"wp:attachment":[{"href":"https:\/\/vagas.portalemprego.com.br\/index.php?rest_route=%2Fwp%2Fv2%2Fmedia&parent=4907"}],"wp:term":[{"taxonomy":"category","embeddable":true,"href":"https:\/\/vagas.portalemprego.com.br\/index.php?rest_route=%2Fwp%2Fv2%2Fcategories&post=4907"},{"taxonomy":"post_tag","embeddable":true,"href":"https:\/\/vagas.portalemprego.com.br\/index.php?rest_route=%2Fwp%2Fv2%2Ftags&post=4907"}],"curies":[{"name":"wp","href":"https:\/\/api.w.org\/{rel}","templated":true}]}}