{"id":4909,"date":"2026-04-29T06:16:16","date_gmt":"2026-04-29T09:16:16","guid":{"rendered":"https:\/\/vagas.portalemprego.com.br\/?p=4909"},"modified":"2026-04-29T06:16:16","modified_gmt":"2026-04-29T09:16:16","slug":"analista-financeiro-contas-a-pagar-contabil-financas-economia-rio-de-janeiro","status":"publish","type":"post","link":"https:\/\/vagas.portalemprego.com.br\/?p=4909","title":{"rendered":"Analista Financeiro &#8211; Contas a Pagar &#8211; Cont\u00e1bil, Finan\u00e7as, Economia &#8211; Rio de Janeiro"},"content":{"rendered":"<p>Buscamos um(a) Analista Financeiro com s\u00f3lida experi\u00eancia na \u00e1rea financeira para atuar em um de nossos clientes, de forma estrat\u00e9gica e operacional, garantindo a efici\u00eancia dos controles financeiros e apoiando a tomada de decis\u00e3o.<\/p>\n<p>Principais responsabilidades:<br \/>\nGest\u00e3o completa de Contas a Pagar (CAP), assegurando prazos, concilia\u00e7\u00f5es e conformidade com os processos internos.<br \/>\nElabora\u00e7\u00e3o, an\u00e1lise e acompanhamento do fluxo de caixa, com atualiza\u00e7\u00e3o di\u00e1ria de saldos e proje\u00e7\u00f5es financeiras.<br \/>\nDesenvolvimento, manuten\u00e7\u00e3o e an\u00e1lise de relat\u00f3rios gerenciais e dashboards em Excel, apoiando o controle financeiro e o planejamento.<br \/>\nAtua\u00e7\u00e3o direta com o sistema TOTVS (Protheus), garantindo a correta execu\u00e7\u00e3o das rotinas financeiras.<br \/>\nAn\u00e1lise de despesas, identifica\u00e7\u00e3o de oportunidades de melhoria e otimiza\u00e7\u00e3o de custos.<br \/>\nInterface com \u00e1reas internas e apoio \u00e0 lideran\u00e7a financeira em demandas estrat\u00e9gicas.<br \/>\nGarantia da organiza\u00e7\u00e3o, confiabilidade e integridade das informa\u00e7\u00f5es financeiras.<br \/>\nRequisitos:<br \/>\nExperi\u00eancia s\u00f3lida como Analista Financeiro S\u00eanior ou em fun\u00e7\u00f5es financeiras similares<br \/>\nExperi\u00eancia com  Protheus (TOTVS)<br \/>\nDom\u00ednio de Contas a Pagar e rotinas financeiras.<br \/>\nConhecimento avan\u00e7ado em Excel, incluindo cria\u00e7\u00e3o de dashboards e controles gerenciais.<br \/>\nViv\u00eancia com fluxo de caixa di\u00e1rio e an\u00e1lises financeiras.<\/p>\n<ul>\n<li>Local de trabalho: Rio de Janeiro, RJ<\/li>\n<li>Regime de contrata\u00e7\u00e3o de tipo: Efetivo \u2013 CLT<\/li>\n<li>Jornada: Per\u00edodo Integral<\/li>\n<li>\u00c1rea e especializa\u00e7\u00e3o profissional: Cont\u00e1bil, Finan\u00e7as, Economia &#8211; Contas a Pagar e Receber<\/li>\n<li>N\u00edvel hier\u00e1rquico: Analista<\/li>\n<\/ul>\n<p>VALORIZADO<\/p>\n<p>Tempo de experi\u00eancia: Entre 5 e 10 anos<\/p>\n<p>Escolaridade M\u00ednima: Ensino Superior<\/p>\n<p>Forma\u00e7\u00e3o desejada:<\/p>\n<ul>\n<li>Gest\u00e3o Financeira, Ensino Superior<\/li>\n<li>Ci\u00eancias cont\u00e1beis, Ensino Superior<\/li>\n<li>Administra\u00e7\u00e3o de empresas, Ensino Superior<\/li>\n<\/ul>\n<ul>\n<li>Vale-refei\u00e7\u00e3o<\/li>\n<li>Vale-transporte<\/li>\n<li>Plano de sa\u00fade<\/li>\n<li>Seguro de Vida<\/li>\n<\/ul>\n","protected":false},"excerpt":{"rendered":"<p>Buscamos um(a) Analista Financeiro com s\u00f3lida experi\u00eancia na \u00e1rea financeira para atuar em um de nossos clientes, de forma estrat\u00e9gica e operacional, garantindo a efici\u00eancia dos controles financeiros e apoiando a tomada de decis\u00e3o. Principais responsabilidades: Gest\u00e3o completa de Contas a Pagar (CAP), assegurando prazos, concilia\u00e7\u00f5es e conformidade com os processos internos. Elabora\u00e7\u00e3o, an\u00e1lise e [&hellip;]<\/p>\n","protected":false},"author":1,"featured_media":0,"comment_status":"open","ping_status":"open","sticky":false,"template":"","format":"standard","meta":{"footnotes":""},"categories":[21],"tags":[],"class_list":["post-4909","post","type-post","status-publish","format-standard","hentry","category-rio-de-janeiro-rj"],"_links":{"self":[{"href":"https:\/\/vagas.portalemprego.com.br\/index.php?rest_route=\/wp\/v2\/posts\/4909","targetHints":{"allow":["GET"]}}],"collection":[{"href":"https:\/\/vagas.portalemprego.com.br\/index.php?rest_route=\/wp\/v2\/posts"}],"about":[{"href":"https:\/\/vagas.portalemprego.com.br\/index.php?rest_route=\/wp\/v2\/types\/post"}],"author":[{"embeddable":true,"href":"https:\/\/vagas.portalemprego.com.br\/index.php?rest_route=\/wp\/v2\/users\/1"}],"replies":[{"embeddable":true,"href":"https:\/\/vagas.portalemprego.com.br\/index.php?rest_route=%2Fwp%2Fv2%2Fcomments&post=4909"}],"version-history":[{"count":0,"href":"https:\/\/vagas.portalemprego.com.br\/index.php?rest_route=\/wp\/v2\/posts\/4909\/revisions"}],"wp:attachment":[{"href":"https:\/\/vagas.portalemprego.com.br\/index.php?rest_route=%2Fwp%2Fv2%2Fmedia&parent=4909"}],"wp:term":[{"taxonomy":"category","embeddable":true,"href":"https:\/\/vagas.portalemprego.com.br\/index.php?rest_route=%2Fwp%2Fv2%2Fcategories&post=4909"},{"taxonomy":"post_tag","embeddable":true,"href":"https:\/\/vagas.portalemprego.com.br\/index.php?rest_route=%2Fwp%2Fv2%2Ftags&post=4909"}],"curies":[{"name":"wp","href":"https:\/\/api.w.org\/{rel}","templated":true}]}}