{"id":4910,"date":"2026-04-29T06:16:16","date_gmt":"2026-04-29T09:16:16","guid":{"rendered":"https:\/\/vagas.portalemprego.com.br\/?p=4910"},"modified":"2026-04-29T06:16:16","modified_gmt":"2026-04-29T09:16:16","slug":"analista-de-controle-da-qualidade-jr-estudos-de-estabilidade-qualidade-rio-de-janeiro","status":"publish","type":"post","link":"https:\/\/vagas.portalemprego.com.br\/?p=4910","title":{"rendered":"Analista de Controle da Qualidade Jr (Estudos de Estabilidade) &#8211; Qualidade &#8211; Rio de Janeiro"},"content":{"rendered":"<p>O Grupo Seres em parceria com uma empresa nacional no segmento de ind\u00fastria farmac\u00eautica, seleciona profissional para atuar na fun\u00e7\u00e3o de Analista de Controle da Qualidade Jr (Estudos de Estabilidade)<\/p>\n<p>Requisitos:<br \/>\nSuperior completo em Farm\u00e1cia ou Qu\u00edmica;<br \/>\nViv\u00eancia em ind\u00fastria, preferencialmente farmac\u00eautica (conhecimento em BPF e BPL);<br \/>\nExperi\u00eancia com estudos de estabilidade e an\u00e1lises f\u00edsico-qu\u00edmicas (an\u00e1lises de dureza, teor, subst\u00e2ncia relacionada, dissolu\u00e7\u00e3o e umidade);<br \/>\nNo\u00e7\u00f5es b\u00e1sicas em Ingl\u00eas;<br \/>\nHabilidade com pacote office, principalmente excel.<\/p>\n<p>Diferencial:<br \/>\nDiferencial ter no\u00e7\u00f5es de HPLC;<\/p>\n<p>Atividades:<br \/>\nExecutar atividades no Departamento de Controle de Qualidade relativa \u00e0 an\u00e1lise f\u00edsico-qu\u00edmico dos produtos e mat\u00e9ria-prima em estudo de estabilidade, realizando os testes descritos nas respectivas monografias, preparando, colocando e retirando amostras de produtos nas c\u00e2maras clim\u00e1ticas na condi\u00e7\u00e3o de estudo de longa dura\u00e7\u00e3o e acelerado, efetuando an\u00e1lise de fotoestabilidade, realizando descarte de res\u00edduos de sobra de an\u00e1lise, preparando solu\u00e7\u00f5es e reagentes, avaliando os resultados mediante aos testes espec\u00edficos para cada produto em estabilidade, verificando o comportamento dos produtos e insumos farmac\u00eauticos ativos no decorrer de todo o estudo, realizando a impress\u00e3o de gr\u00e1ficos semanais e relat\u00f3rios mensais das C\u00e2maras de Estudo de Estabilidade e gerando o backup dos arquivos, visando garantir que o produto final atinja as especifica\u00e7\u00f5es impostas pelos \u00f3rg\u00e3os oficiais de controle sanit\u00e1rio.<\/p>\n<p>Hor\u00e1rio de trabalho:<br \/>\n13h00 \u00e0s 22h00<br \/>\nSegunda \u00e0 Sexta<br \/>\n100% presencial<\/p>\n<p>Local de trabalho:<br \/>\nJacarepagu\u00e1, RJ &#8211; Brasil<\/p>\n<ul>\n<li>Local de trabalho: Rio de Janeiro, RJ<\/li>\n<li>Regime de contrata\u00e7\u00e3o de tipo: Efetivo \u2013 CLT<\/li>\n<li>Jornada: Per\u00edodo Integral<\/li>\n<li>\u00c1rea e especializa\u00e7\u00e3o profissional: Qualidade &#8211; Controle de Qualidade<\/li>\n<li>N\u00edvel hier\u00e1rquico: Analista<\/li>\n<\/ul>\n<p>VALORIZADO<\/p>\n<p>Tempo de experi\u00eancia: Entre 1 e 3 anos<\/p>\n<p>Escolaridade M\u00ednima: Ensino Superior<\/p>\n<ul>\n<li>plano de sa\u00fade<\/li>\n<li>plano odontol\u00f3gico<\/li>\n<li>vale transporte<\/li>\n<li>seguro de vida<\/li>\n<\/ul>\n<p>Sal\u00e1rio: 5596,0<\/p>\n","protected":false},"excerpt":{"rendered":"<p>O Grupo Seres em parceria com uma empresa nacional no segmento de ind\u00fastria farmac\u00eautica, seleciona profissional para atuar na fun\u00e7\u00e3o de Analista de Controle da Qualidade Jr (Estudos de Estabilidade) Requisitos: Superior completo em Farm\u00e1cia ou Qu\u00edmica; Viv\u00eancia em ind\u00fastria, preferencialmente farmac\u00eautica (conhecimento em BPF e BPL); Experi\u00eancia com estudos de estabilidade e an\u00e1lises f\u00edsico-qu\u00edmicas [&hellip;]<\/p>\n","protected":false},"author":1,"featured_media":0,"comment_status":"open","ping_status":"open","sticky":false,"template":"","format":"standard","meta":{"footnotes":""},"categories":[21],"tags":[],"class_list":["post-4910","post","type-post","status-publish","format-standard","hentry","category-rio-de-janeiro-rj"],"_links":{"self":[{"href":"https:\/\/vagas.portalemprego.com.br\/index.php?rest_route=\/wp\/v2\/posts\/4910","targetHints":{"allow":["GET"]}}],"collection":[{"href":"https:\/\/vagas.portalemprego.com.br\/index.php?rest_route=\/wp\/v2\/posts"}],"about":[{"href":"https:\/\/vagas.portalemprego.com.br\/index.php?rest_route=\/wp\/v2\/types\/post"}],"author":[{"embeddable":true,"href":"https:\/\/vagas.portalemprego.com.br\/index.php?rest_route=\/wp\/v2\/users\/1"}],"replies":[{"embeddable":true,"href":"https:\/\/vagas.portalemprego.com.br\/index.php?rest_route=%2Fwp%2Fv2%2Fcomments&post=4910"}],"version-history":[{"count":0,"href":"https:\/\/vagas.portalemprego.com.br\/index.php?rest_route=\/wp\/v2\/posts\/4910\/revisions"}],"wp:attachment":[{"href":"https:\/\/vagas.portalemprego.com.br\/index.php?rest_route=%2Fwp%2Fv2%2Fmedia&parent=4910"}],"wp:term":[{"taxonomy":"category","embeddable":true,"href":"https:\/\/vagas.portalemprego.com.br\/index.php?rest_route=%2Fwp%2Fv2%2Fcategories&post=4910"},{"taxonomy":"post_tag","embeddable":true,"href":"https:\/\/vagas.portalemprego.com.br\/index.php?rest_route=%2Fwp%2Fv2%2Ftags&post=4910"}],"curies":[{"name":"wp","href":"https:\/\/api.w.org\/{rel}","templated":true}]}}