{"id":4915,"date":"2026-04-29T06:16:16","date_gmt":"2026-04-29T09:16:16","guid":{"rendered":"https:\/\/vagas.portalemprego.com.br\/?p=4915"},"modified":"2026-04-29T06:16:16","modified_gmt":"2026-04-29T09:16:16","slug":"promotor-de-vendas-mrv-comercial-vendas-nova-iguacu-4","status":"publish","type":"post","link":"https:\/\/vagas.portalemprego.com.br\/?p=4915","title":{"rendered":"Promotor de Vendas MRV &#8211; Comercial, Vendas &#8211; Nova Igua\u00e7u"},"content":{"rendered":"<p>Oportunidade de Carreira como Promotor de Vendas na MRV &amp; CO<br \/>\nEstamos em busca de um profissional din\u00e2mico e entusiasmado para se juntar \u00e0 nossa equipe como Promotor de Vendas na MRV &amp; CO. Se voc\u00ea tem paix\u00e3o por vendas e busca um ambiente que valorize seu potencial, esta \u00e9 a chance ideal para voc\u00ea.<br \/>\nComo Promotor de Vendas, voc\u00ea ser\u00e1 respons\u00e1vel por promover nossos empreendimentos e projetos, atuando diretamente com o p\u00fablico para gerar interesse e converter leads em vendas. Sua fun\u00e7\u00e3o ser\u00e1 fundamental para divulgar as vantagens e benef\u00edcios dos nossos empreendimentos, garantindo uma experi\u00eancia de vendas agrad\u00e1vel e eficiente.<br \/>\nPara esta posi\u00e7\u00e3o, buscamos algu\u00e9m com experi\u00eancia em vendas, preferencialmente no mercado imobili\u00e1rio ou \u00e1reas correlatas. \u00c9 importante que voc\u00ea tenha habilidades de comunica\u00e7\u00e3o e negocia\u00e7\u00e3o, al\u00e9m de uma atitude proativa e engajamento com metas. Conhecimento em t\u00e9cnicas de vendas e uma boa presen\u00e7a de palco s\u00e3o diferenciais importantes.<br \/>\nA MRV &amp; CO oferece um ambiente de trabalho desafiador e inovador, onde voc\u00ea ter\u00e1 a oportunidade de crescer profissionalmente e contribuir para o sucesso da empresa. Al\u00e9m de um sal\u00e1rio competitivo, oferecemos benef\u00edcios como comiss\u00f5es sobre vendas, programas de incentivos e um ambiente de trabalho colaborativo.<br \/>\nSe voc\u00ea est\u00e1 pronto para se desafiar e fazer parte de uma equipe que valoriza o trabalho em equipe e o sucesso individual, candidate-se agora e fa\u00e7a parte da MRV &amp; CO. Junte-se a n\u00f3s e contribua para construir um futuro melhor, um im\u00f3vel de cada vez.<br \/>\nAguardamos seu interesse e ansiosos para conhecer seu perfil.<\/p>\n<ul>\n<li>N\u00famero de vagas: 15<\/li>\n<li>Local de trabalho: Nova Igua\u00e7u, RJ<\/li>\n<li>Regime de contrata\u00e7\u00e3o de tipo: Prestador de Servi\u00e7os (PJ)<\/li>\n<li>Jornada: Per\u00edodo Integral<\/li>\n<li>\u00c1rea e especializa\u00e7\u00e3o profissional: Comercial, Vendas &#8211; Corretagem<\/li>\n<li>N\u00edvel hier\u00e1rquico: Consultor<\/li>\n<\/ul>\n<p>VALORIZADO<\/p>\n<p>Tempo de experi\u00eancia: Entre 1 e 3 anos<\/p>\n<p>Escolaridade M\u00ednima: Ensino M\u00e9dio (2\u00ba Grau)<\/p>\n","protected":false},"excerpt":{"rendered":"<p>Oportunidade de Carreira como Promotor de Vendas na MRV &amp; CO Estamos em busca de um profissional din\u00e2mico e entusiasmado para se juntar \u00e0 nossa equipe como Promotor de Vendas na MRV &amp; CO. Se voc\u00ea tem paix\u00e3o por vendas e busca um ambiente que valorize seu potencial, esta \u00e9 a chance ideal para voc\u00ea. [&hellip;]<\/p>\n","protected":false},"author":1,"featured_media":0,"comment_status":"open","ping_status":"open","sticky":false,"template":"","format":"standard","meta":{"footnotes":""},"categories":[21],"tags":[],"class_list":["post-4915","post","type-post","status-publish","format-standard","hentry","category-rio-de-janeiro-rj"],"_links":{"self":[{"href":"https:\/\/vagas.portalemprego.com.br\/index.php?rest_route=\/wp\/v2\/posts\/4915","targetHints":{"allow":["GET"]}}],"collection":[{"href":"https:\/\/vagas.portalemprego.com.br\/index.php?rest_route=\/wp\/v2\/posts"}],"about":[{"href":"https:\/\/vagas.portalemprego.com.br\/index.php?rest_route=\/wp\/v2\/types\/post"}],"author":[{"embeddable":true,"href":"https:\/\/vagas.portalemprego.com.br\/index.php?rest_route=\/wp\/v2\/users\/1"}],"replies":[{"embeddable":true,"href":"https:\/\/vagas.portalemprego.com.br\/index.php?rest_route=%2Fwp%2Fv2%2Fcomments&post=4915"}],"version-history":[{"count":0,"href":"https:\/\/vagas.portalemprego.com.br\/index.php?rest_route=\/wp\/v2\/posts\/4915\/revisions"}],"wp:attachment":[{"href":"https:\/\/vagas.portalemprego.com.br\/index.php?rest_route=%2Fwp%2Fv2%2Fmedia&parent=4915"}],"wp:term":[{"taxonomy":"category","embeddable":true,"href":"https:\/\/vagas.portalemprego.com.br\/index.php?rest_route=%2Fwp%2Fv2%2Fcategories&post=4915"},{"taxonomy":"post_tag","embeddable":true,"href":"https:\/\/vagas.portalemprego.com.br\/index.php?rest_route=%2Fwp%2Fv2%2Ftags&post=4915"}],"curies":[{"name":"wp","href":"https:\/\/api.w.org\/{rel}","templated":true}]}}