{"id":4916,"date":"2026-04-29T06:16:16","date_gmt":"2026-04-29T09:16:16","guid":{"rendered":"https:\/\/vagas.portalemprego.com.br\/?p=4916"},"modified":"2026-04-29T06:16:16","modified_gmt":"2026-04-29T09:16:16","slug":"promotor-de-vendas-mrv-comercial-vendas-duque-de-caxias-4","status":"publish","type":"post","link":"https:\/\/vagas.portalemprego.com.br\/?p=4916","title":{"rendered":"Promotor de Vendas MRV &#8211; Comercial, Vendas &#8211; Duque de Caxias"},"content":{"rendered":"<p>Oportunidade de Carreira como Promotor de Vendas na MRV &amp; CO<br \/>\nEstamos em busca de um profissional din\u00e2mico e entusiasmado para se juntar \u00e0 nossa equipe como Promotor de Vendas na MRV &amp; CO. Se voc\u00ea tem uma paix\u00e3o por vendas e busca um ambiente de trabalho que valorize seu potencial, esta \u00e9 a oportunidade perfeita para voc\u00ea.<br \/>\nComo Promotor de Vendas, voc\u00ea ser\u00e1 respons\u00e1vel por promover nossos empreendimentos residenciais e comerciais, atuando diretamente na capta\u00e7\u00e3o de leads e na convers\u00e3o de potenciais clientes em compradores. Seu papel ser\u00e1 fundamental para o crescimento e o sucesso da empresa, contribuindo para a expans\u00e3o de nossa marca e para a satisfa\u00e7\u00e3o dos nossos clientes.<br \/>\nPara esta posi\u00e7\u00e3o, buscamos algu\u00e9m com experi\u00eancia em vendas, com habilidades de comunica\u00e7\u00e3o e negocia\u00e7\u00e3o avan\u00e7adas. \u00c9 essencial que voc\u00ea tenha uma atitude proativa, seja capaz de trabalhar em equipe e tenha uma forte orienta\u00e7\u00e3o para resultados. Al\u00e9m disso, a capacidade de se adaptar rapidamente \u00e0s mudan\u00e7as e um alto n\u00edvel de comprometimento com a excel\u00eancia s\u00e3o fundamentais para o sucesso nesta fun\u00e7\u00e3o.<br \/>\nA MRV &amp; CO oferece um ambiente de trabalho desafiador e inspirador, onde cada membro da equipe \u00e9 encorajado a crescer e a evoluir profissionalmente. Voc\u00ea ter\u00e1 a oportunidade de fazer parte de um time que est\u00e1 sempre em busca de inova\u00e7\u00f5es e que valoriza o desenvolvimento cont\u00ednuo de seus colaboradores.<br \/>\nJunte-se \u00e0 MRV &amp; CO e fa\u00e7a parte de uma equipe que transforma sonhos em realidades. Venha construir um futuro brilhante com a gente!<\/p>\n<ul>\n<li>N\u00famero de vagas: 15<\/li>\n<li>Local de trabalho: Duque de Caxias, RJ<\/li>\n<li>Regime de contrata\u00e7\u00e3o de tipo: Prestador de Servi\u00e7os (PJ)<\/li>\n<li>Jornada: Per\u00edodo Integral<\/li>\n<li>\u00c1rea e especializa\u00e7\u00e3o profissional: Comercial, Vendas &#8211; Corretagem<\/li>\n<li>N\u00edvel hier\u00e1rquico: Consultor<\/li>\n<\/ul>\n<p>VALORIZADO<\/p>\n<p>Tempo de experi\u00eancia: Entre 1 e 3 anos<\/p>\n<p>Escolaridade M\u00ednima: Ensino M\u00e9dio (2\u00ba Grau)<\/p>\n","protected":false},"excerpt":{"rendered":"<p>Oportunidade de Carreira como Promotor de Vendas na MRV &amp; CO Estamos em busca de um profissional din\u00e2mico e entusiasmado para se juntar \u00e0 nossa equipe como Promotor de Vendas na MRV &amp; CO. Se voc\u00ea tem uma paix\u00e3o por vendas e busca um ambiente de trabalho que valorize seu potencial, esta \u00e9 a oportunidade [&hellip;]<\/p>\n","protected":false},"author":1,"featured_media":0,"comment_status":"open","ping_status":"open","sticky":false,"template":"","format":"standard","meta":{"footnotes":""},"categories":[21],"tags":[],"class_list":["post-4916","post","type-post","status-publish","format-standard","hentry","category-rio-de-janeiro-rj"],"_links":{"self":[{"href":"https:\/\/vagas.portalemprego.com.br\/index.php?rest_route=\/wp\/v2\/posts\/4916","targetHints":{"allow":["GET"]}}],"collection":[{"href":"https:\/\/vagas.portalemprego.com.br\/index.php?rest_route=\/wp\/v2\/posts"}],"about":[{"href":"https:\/\/vagas.portalemprego.com.br\/index.php?rest_route=\/wp\/v2\/types\/post"}],"author":[{"embeddable":true,"href":"https:\/\/vagas.portalemprego.com.br\/index.php?rest_route=\/wp\/v2\/users\/1"}],"replies":[{"embeddable":true,"href":"https:\/\/vagas.portalemprego.com.br\/index.php?rest_route=%2Fwp%2Fv2%2Fcomments&post=4916"}],"version-history":[{"count":0,"href":"https:\/\/vagas.portalemprego.com.br\/index.php?rest_route=\/wp\/v2\/posts\/4916\/revisions"}],"wp:attachment":[{"href":"https:\/\/vagas.portalemprego.com.br\/index.php?rest_route=%2Fwp%2Fv2%2Fmedia&parent=4916"}],"wp:term":[{"taxonomy":"category","embeddable":true,"href":"https:\/\/vagas.portalemprego.com.br\/index.php?rest_route=%2Fwp%2Fv2%2Fcategories&post=4916"},{"taxonomy":"post_tag","embeddable":true,"href":"https:\/\/vagas.portalemprego.com.br\/index.php?rest_route=%2Fwp%2Fv2%2Ftags&post=4916"}],"curies":[{"name":"wp","href":"https:\/\/api.w.org\/{rel}","templated":true}]}}