{"id":4921,"date":"2026-04-29T06:17:17","date_gmt":"2026-04-29T09:17:17","guid":{"rendered":"https:\/\/vagas.portalemprego.com.br\/?p=4921"},"modified":"2026-04-29T06:17:17","modified_gmt":"2026-04-29T09:17:17","slug":"operador-de-sistema-eta-meio-ambiente-ecologia-carmo","status":"publish","type":"post","link":"https:\/\/vagas.portalemprego.com.br\/?p=4921","title":{"rendered":"Operador de Sistema ETA &#8211; Meio Ambiente, Ecologia &#8211; Carmo"},"content":{"rendered":"<p>O Grupo Seres em parceria com uma empresa do segmento de Saneamento buscam profissionais para atuar na fun\u00e7\u00e3o de Operador de Sistema ETA.<\/p>\n<p>Atividades:<br \/>\nOperar e monitorar o funcionamento da Esta\u00e7\u00e3o de Tratamento de \u00c1gua;<br \/>\nRealizar an\u00e1lises de qualidade da \u00e1gua;<br \/>\nRealizar manuten\u00e7\u00f5es preventivas e corretivas;<br \/>\nSeguir as normas de seguran\u00e7a e procedimentos operacionais.<br \/>\nRequisitos:<br \/>\nEnsino M\u00e9dio completo;<br \/>\nDesej\u00e1vel conhecimento em an\u00e1lises de \u00e1gua;<br \/>\nDisponibilidade para trabalhar em regime de escala.<br \/>\nJornada de trabalho:<br \/>\n Escala 12x12x60 (08h \u00e0s 20h).<\/p>\n<p>Local:<br \/>\nCarmo\/RJ.<\/p>\n<ul>\n<li>Local de trabalho: Carmo, RJ<\/li>\n<li>Regime de contrata\u00e7\u00e3o de tipo: Tempor\u00e1rio<\/li>\n<li>Jornada: Per\u00edodo Integral<\/li>\n<li>\u00c1rea e especializa\u00e7\u00e3o profissional: Meio Ambiente, Ecologia &#8211; Saneamento Ambiental<\/li>\n<li>N\u00edvel hier\u00e1rquico: Operacional<\/li>\n<\/ul>\n<p>Escolaridade M\u00ednima: Ensino M\u00e9dio (2\u00ba Grau)<\/p>\n<ul>\n<li>Seguro de Vida<\/li>\n<li>Vale-refei\u00e7\u00e3o<\/li>\n<li>Vale-transporte<\/li>\n<\/ul>\n","protected":false},"excerpt":{"rendered":"<p>O Grupo Seres em parceria com uma empresa do segmento de Saneamento buscam profissionais para atuar na fun\u00e7\u00e3o de Operador de Sistema ETA. Atividades: Operar e monitorar o funcionamento da Esta\u00e7\u00e3o de Tratamento de \u00c1gua; Realizar an\u00e1lises de qualidade da \u00e1gua; Realizar manuten\u00e7\u00f5es preventivas e corretivas; Seguir as normas de seguran\u00e7a e procedimentos operacionais. Requisitos: [&hellip;]<\/p>\n","protected":false},"author":1,"featured_media":0,"comment_status":"open","ping_status":"open","sticky":false,"template":"","format":"standard","meta":{"footnotes":""},"categories":[21],"tags":[],"class_list":["post-4921","post","type-post","status-publish","format-standard","hentry","category-rio-de-janeiro-rj"],"_links":{"self":[{"href":"https:\/\/vagas.portalemprego.com.br\/index.php?rest_route=\/wp\/v2\/posts\/4921","targetHints":{"allow":["GET"]}}],"collection":[{"href":"https:\/\/vagas.portalemprego.com.br\/index.php?rest_route=\/wp\/v2\/posts"}],"about":[{"href":"https:\/\/vagas.portalemprego.com.br\/index.php?rest_route=\/wp\/v2\/types\/post"}],"author":[{"embeddable":true,"href":"https:\/\/vagas.portalemprego.com.br\/index.php?rest_route=\/wp\/v2\/users\/1"}],"replies":[{"embeddable":true,"href":"https:\/\/vagas.portalemprego.com.br\/index.php?rest_route=%2Fwp%2Fv2%2Fcomments&post=4921"}],"version-history":[{"count":0,"href":"https:\/\/vagas.portalemprego.com.br\/index.php?rest_route=\/wp\/v2\/posts\/4921\/revisions"}],"wp:attachment":[{"href":"https:\/\/vagas.portalemprego.com.br\/index.php?rest_route=%2Fwp%2Fv2%2Fmedia&parent=4921"}],"wp:term":[{"taxonomy":"category","embeddable":true,"href":"https:\/\/vagas.portalemprego.com.br\/index.php?rest_route=%2Fwp%2Fv2%2Fcategories&post=4921"},{"taxonomy":"post_tag","embeddable":true,"href":"https:\/\/vagas.portalemprego.com.br\/index.php?rest_route=%2Fwp%2Fv2%2Ftags&post=4921"}],"curies":[{"name":"wp","href":"https:\/\/api.w.org\/{rel}","templated":true}]}}