{"id":4922,"date":"2026-04-29T06:17:17","date_gmt":"2026-04-29T09:17:17","guid":{"rendered":"https:\/\/vagas.portalemprego.com.br\/?p=4922"},"modified":"2026-04-29T06:17:17","modified_gmt":"2026-04-29T09:17:17","slug":"analista-de-rh-meio-ambiente-ecologia-rio-de-janeiro","status":"publish","type":"post","link":"https:\/\/vagas.portalemprego.com.br\/?p=4922","title":{"rendered":"Analista de RH &#8211; Meio Ambiente, Ecologia &#8211; Rio de Janeiro"},"content":{"rendered":"<p>O Grupo Seres em parceria com empresa do segmento de Saneamento contrata profissional para atuar na fun\u00e7\u00e3o de Analista de RH.<br \/>\nAtividades:<br \/>\nDesenvolver atividades relacionadas as rotinas de Recrutamento e Sele\u00e7\u00e3o e Treinamento e Desenvolvimento;<br \/>\nElaborar e consolidar indicadores de RH;<br \/>\nLevantar perfil das vagas junto aos gestores das \u00e1reas requisitantes;<br \/>\nTriar curr\u00edculos, agendar e conduzir entrevistas por compet\u00eancias;<br \/>\nDivulgar vagas em plataformas de R&amp;S;<br \/>\nConduzir processos seletivos internos e apoiar programas de inclus\u00e3o e diversidade;<br \/>\nIntegra\u00e7\u00e3o dos novos funcion\u00e1rios;<br \/>\nContribuir para o aprimoramento do desempenho e desenvolvimento dos profissionais, fornecendo subs\u00eddios para tomadas de decis\u00e3o, movimenta\u00e7\u00f5es de pessoal e programas de treinamento, atrav\u00e9s do acompanhamento junto aos gestores;<br \/>\nMonitorar o clima organizacional atrav\u00e9s do acompanhamento junto aos gestores e suas respectivas equipes.<br \/>\nRequisitos:<br \/>\nEnsino superior completo em Psicologia ou Gest\u00e3o de Recursos Humanos;<br \/>\nExperi\u00eancia s\u00f3lida em atividades de R&amp;S e T&amp;D;<br \/>\nDom\u00ednio do pacote Office;<br \/>\nExperi\u00eancia em R&amp;S de volume, de cargos operacionais, administrativos, jovem aprendiz, est\u00e1gio e gest\u00e3o.<br \/>\nJornada de Trabalho:<br \/>\nSegunda a quinta-feira &#8211; 08h \u00e0s 18h e sexta-feira de 08h \u00e0s 17h.<br \/>\nLocal:<br \/>\nCampo Grande\/RJ.<\/p>\n<ul>\n<li>Local de trabalho: Rio de Janeiro, RJ<\/li>\n<li>Regime de contrata\u00e7\u00e3o de tipo: Tempor\u00e1rio<\/li>\n<li>Jornada: Per\u00edodo Integral<\/li>\n<li>\u00c1rea e especializa\u00e7\u00e3o profissional: Meio Ambiente, Ecologia &#8211; Saneamento Ambiental<\/li>\n<li>N\u00edvel hier\u00e1rquico: Analista<\/li>\n<\/ul>\n<p>Escolaridade M\u00ednima: Ensino Superior<\/p>\n<ul>\n<li>Vale-refei\u00e7\u00e3o<\/li>\n<li>Vale-transporte<\/li>\n<\/ul>\n","protected":false},"excerpt":{"rendered":"<p>O Grupo Seres em parceria com empresa do segmento de Saneamento contrata profissional para atuar na fun\u00e7\u00e3o de Analista de RH. Atividades: Desenvolver atividades relacionadas as rotinas de Recrutamento e Sele\u00e7\u00e3o e Treinamento e Desenvolvimento; Elaborar e consolidar indicadores de RH; Levantar perfil das vagas junto aos gestores das \u00e1reas requisitantes; Triar curr\u00edculos, agendar e [&hellip;]<\/p>\n","protected":false},"author":1,"featured_media":0,"comment_status":"open","ping_status":"open","sticky":false,"template":"","format":"standard","meta":{"footnotes":""},"categories":[21],"tags":[],"class_list":["post-4922","post","type-post","status-publish","format-standard","hentry","category-rio-de-janeiro-rj"],"_links":{"self":[{"href":"https:\/\/vagas.portalemprego.com.br\/index.php?rest_route=\/wp\/v2\/posts\/4922","targetHints":{"allow":["GET"]}}],"collection":[{"href":"https:\/\/vagas.portalemprego.com.br\/index.php?rest_route=\/wp\/v2\/posts"}],"about":[{"href":"https:\/\/vagas.portalemprego.com.br\/index.php?rest_route=\/wp\/v2\/types\/post"}],"author":[{"embeddable":true,"href":"https:\/\/vagas.portalemprego.com.br\/index.php?rest_route=\/wp\/v2\/users\/1"}],"replies":[{"embeddable":true,"href":"https:\/\/vagas.portalemprego.com.br\/index.php?rest_route=%2Fwp%2Fv2%2Fcomments&post=4922"}],"version-history":[{"count":0,"href":"https:\/\/vagas.portalemprego.com.br\/index.php?rest_route=\/wp\/v2\/posts\/4922\/revisions"}],"wp:attachment":[{"href":"https:\/\/vagas.portalemprego.com.br\/index.php?rest_route=%2Fwp%2Fv2%2Fmedia&parent=4922"}],"wp:term":[{"taxonomy":"category","embeddable":true,"href":"https:\/\/vagas.portalemprego.com.br\/index.php?rest_route=%2Fwp%2Fv2%2Fcategories&post=4922"},{"taxonomy":"post_tag","embeddable":true,"href":"https:\/\/vagas.portalemprego.com.br\/index.php?rest_route=%2Fwp%2Fv2%2Ftags&post=4922"}],"curies":[{"name":"wp","href":"https:\/\/api.w.org\/{rel}","templated":true}]}}