{"id":4923,"date":"2026-04-29T06:17:17","date_gmt":"2026-04-29T09:17:17","guid":{"rendered":"https:\/\/vagas.portalemprego.com.br\/?p=4923"},"modified":"2026-04-29T06:17:17","modified_gmt":"2026-04-29T09:17:17","slug":"analista-comercial-i-meio-ambiente-ecologia-rio-de-janeiro","status":"publish","type":"post","link":"https:\/\/vagas.portalemprego.com.br\/?p=4923","title":{"rendered":"Analista Comercial I &#8211; Meio Ambiente, Ecologia &#8211; Rio de Janeiro"},"content":{"rendered":"<p>Atividades:<\/p>\n<p>Desenvolver atividades de emiss\u00e3o, programa\u00e7\u00e3o, apropria\u00e7\u00e3o e acompanhamento de servi\u00e7os do setor (leitura, vistoria, prospec\u00e7\u00e3o e recupera\u00e7\u00e3o de clientes, etc.), utilizando sistemas, elaborando documentos, relat\u00f3rios.<br \/>\nAnalisar e garantir o padr\u00e3o de qualidade, prazos, metas, custos e satisfa\u00e7\u00e3o do cliente.<br \/>\nPreencher, analisar, apresentar e monitorar desempenhos e resultados de servi\u00e7os, processos, indicadores e projetos do setor.<br \/>\nIdentificar desvios e oportunidades de melhorias, gerando dados para tomada de decis\u00f5es e atualiza\u00e7\u00e3o de bases cadastrais, garantindo o padr\u00e3o e a qualidade das informa\u00e7\u00f5es.<br \/>\nApoiar outras equipes de trabalho (internas e externas), por meio de informa\u00e7\u00f5es, reposi\u00e7\u00e3o, controle de materiais e equipamentos, para melhor produtividade em suas jornadas de trabalho.<\/p>\n<p>Jornada de Trabalho: Segunda a quinta-feira 08h \u00e0s 18h e sexta-feira 08h \u00e0s 17h<\/p>\n<p>Requisitos:<br \/>\nGradua\u00e7\u00e3o em Administra\u00e7\u00e3o, Engenharia de Produ\u00e7\u00e3o ou \u00e1reas afins;<br \/>\nExcel intermedi\u00e1rio;<br \/>\nHabilidade anal\u00edtica;<br \/>\nLocal:<br \/>\nCampo Grande\/RJ.<\/p>\n<ul>\n<li>Local de trabalho: Rio de Janeiro, RJ<\/li>\n<li>Regime de contrata\u00e7\u00e3o de tipo: Tempor\u00e1rio<\/li>\n<li>Jornada: Per\u00edodo Integral<\/li>\n<li>\u00c1rea e especializa\u00e7\u00e3o profissional: Meio Ambiente, Ecologia &#8211; Saneamento Ambiental<\/li>\n<li>N\u00edvel hier\u00e1rquico: Analista<\/li>\n<\/ul>\n<p>Escolaridade M\u00ednima: Ensino Superior<\/p>\n<ul>\n<li>Vale transporte<\/li>\n<li>Vale refei\u00e7\u00e3o<\/li>\n<\/ul>\n","protected":false},"excerpt":{"rendered":"<p>Atividades: Desenvolver atividades de emiss\u00e3o, programa\u00e7\u00e3o, apropria\u00e7\u00e3o e acompanhamento de servi\u00e7os do setor (leitura, vistoria, prospec\u00e7\u00e3o e recupera\u00e7\u00e3o de clientes, etc.), utilizando sistemas, elaborando documentos, relat\u00f3rios. Analisar e garantir o padr\u00e3o de qualidade, prazos, metas, custos e satisfa\u00e7\u00e3o do cliente. Preencher, analisar, apresentar e monitorar desempenhos e resultados de servi\u00e7os, processos, indicadores e projetos do [&hellip;]<\/p>\n","protected":false},"author":1,"featured_media":0,"comment_status":"open","ping_status":"open","sticky":false,"template":"","format":"standard","meta":{"footnotes":""},"categories":[21],"tags":[],"class_list":["post-4923","post","type-post","status-publish","format-standard","hentry","category-rio-de-janeiro-rj"],"_links":{"self":[{"href":"https:\/\/vagas.portalemprego.com.br\/index.php?rest_route=\/wp\/v2\/posts\/4923","targetHints":{"allow":["GET"]}}],"collection":[{"href":"https:\/\/vagas.portalemprego.com.br\/index.php?rest_route=\/wp\/v2\/posts"}],"about":[{"href":"https:\/\/vagas.portalemprego.com.br\/index.php?rest_route=\/wp\/v2\/types\/post"}],"author":[{"embeddable":true,"href":"https:\/\/vagas.portalemprego.com.br\/index.php?rest_route=\/wp\/v2\/users\/1"}],"replies":[{"embeddable":true,"href":"https:\/\/vagas.portalemprego.com.br\/index.php?rest_route=%2Fwp%2Fv2%2Fcomments&post=4923"}],"version-history":[{"count":0,"href":"https:\/\/vagas.portalemprego.com.br\/index.php?rest_route=\/wp\/v2\/posts\/4923\/revisions"}],"wp:attachment":[{"href":"https:\/\/vagas.portalemprego.com.br\/index.php?rest_route=%2Fwp%2Fv2%2Fmedia&parent=4923"}],"wp:term":[{"taxonomy":"category","embeddable":true,"href":"https:\/\/vagas.portalemprego.com.br\/index.php?rest_route=%2Fwp%2Fv2%2Fcategories&post=4923"},{"taxonomy":"post_tag","embeddable":true,"href":"https:\/\/vagas.portalemprego.com.br\/index.php?rest_route=%2Fwp%2Fv2%2Ftags&post=4923"}],"curies":[{"name":"wp","href":"https:\/\/api.w.org\/{rel}","templated":true}]}}