{"id":4924,"date":"2026-04-29T06:17:17","date_gmt":"2026-04-29T09:17:17","guid":{"rendered":"https:\/\/vagas.portalemprego.com.br\/?p=4924"},"modified":"2026-04-29T06:17:17","modified_gmt":"2026-04-29T09:17:17","slug":"soldador-meio-ambiente-ecologia-rio-de-janeiro","status":"publish","type":"post","link":"https:\/\/vagas.portalemprego.com.br\/?p=4924","title":{"rendered":"Soldador &#8211; Meio Ambiente, Ecologia &#8211; Rio de Janeiro"},"content":{"rendered":"<p>O Grupo Seres em parceria com empresa do segmento de saneamento, contrata profissional para atuar na fun\u00e7\u00e3o de Soldador.<br \/>\nAtividades:<br \/>\nRealizar soldagem de metais;<br \/>\nInterpretar desenhos t\u00e9cnicos;<br \/>\nRealizar inspe\u00e7\u00f5es de qualidade em soldas;<br \/>\nOperar m\u00e1quinas e equipamentos (m\u00e1quinas de solda, ma\u00e7aricos, lixadeiras, esmilhadeiras e policorte), soldando, emendando, envergando, desamassando, fixando, cortando, montando, reparando e dando acabamento em tubula\u00e7\u00f5es, chapas, equipamentos, acess\u00f3rios e demais pe\u00e7as met\u00e1licas, visando \u00e0 reforma ou fabrica\u00e7\u00e3o de materiais.<br \/>\nRequisitos:<br \/>\nEnsino m\u00e9dio completo;<br \/>\nForma\u00e7\u00e3o completa em soldagem;<br \/>\nExperi\u00eancia comprovada em soldagem de metais;<br \/>\nExperi\u00eancia com (1F, 1F, 1F, 4F, 1G, 2G, 3G, 4G);<br \/>\nHabilidade em leitura de desenhos t\u00e9cnicos;<br \/>\nConhecimento em normas de seguran\u00e7a no trabalho<br \/>\nCNH B \u2013 definitiva.<br \/>\nJornada de Trabalho:<br \/>\nSegunda a quinta-feira &#8211; 07h \u00e0s 17h e sexta-feira 07h \u00e0s 16h<br \/>\nLocal:<br \/>\nDeodoro\/RJ.<\/p>\n<ul>\n<li>Local de trabalho: Rio de Janeiro, RJ<\/li>\n<li>Regime de contrata\u00e7\u00e3o de tipo: Tempor\u00e1rio<\/li>\n<li>Jornada: Per\u00edodo Integral<\/li>\n<li>\u00c1rea e especializa\u00e7\u00e3o profissional: Meio Ambiente, Ecologia &#8211; Saneamento Ambiental<\/li>\n<li>N\u00edvel hier\u00e1rquico: Operacional<\/li>\n<\/ul>\n<p>Escolaridade M\u00ednima: Ensino M\u00e9dio (2\u00ba Grau)<\/p>\n<ul>\n<li>Vale-refei\u00e7\u00e3o<\/li>\n<li>Vale-transporte<\/li>\n<\/ul>\n","protected":false},"excerpt":{"rendered":"<p>O Grupo Seres em parceria com empresa do segmento de saneamento, contrata profissional para atuar na fun\u00e7\u00e3o de Soldador. Atividades: Realizar soldagem de metais; Interpretar desenhos t\u00e9cnicos; Realizar inspe\u00e7\u00f5es de qualidade em soldas; Operar m\u00e1quinas e equipamentos (m\u00e1quinas de solda, ma\u00e7aricos, lixadeiras, esmilhadeiras e policorte), soldando, emendando, envergando, desamassando, fixando, cortando, montando, reparando e dando [&hellip;]<\/p>\n","protected":false},"author":1,"featured_media":0,"comment_status":"open","ping_status":"open","sticky":false,"template":"","format":"standard","meta":{"footnotes":""},"categories":[21],"tags":[],"class_list":["post-4924","post","type-post","status-publish","format-standard","hentry","category-rio-de-janeiro-rj"],"_links":{"self":[{"href":"https:\/\/vagas.portalemprego.com.br\/index.php?rest_route=\/wp\/v2\/posts\/4924","targetHints":{"allow":["GET"]}}],"collection":[{"href":"https:\/\/vagas.portalemprego.com.br\/index.php?rest_route=\/wp\/v2\/posts"}],"about":[{"href":"https:\/\/vagas.portalemprego.com.br\/index.php?rest_route=\/wp\/v2\/types\/post"}],"author":[{"embeddable":true,"href":"https:\/\/vagas.portalemprego.com.br\/index.php?rest_route=\/wp\/v2\/users\/1"}],"replies":[{"embeddable":true,"href":"https:\/\/vagas.portalemprego.com.br\/index.php?rest_route=%2Fwp%2Fv2%2Fcomments&post=4924"}],"version-history":[{"count":0,"href":"https:\/\/vagas.portalemprego.com.br\/index.php?rest_route=\/wp\/v2\/posts\/4924\/revisions"}],"wp:attachment":[{"href":"https:\/\/vagas.portalemprego.com.br\/index.php?rest_route=%2Fwp%2Fv2%2Fmedia&parent=4924"}],"wp:term":[{"taxonomy":"category","embeddable":true,"href":"https:\/\/vagas.portalemprego.com.br\/index.php?rest_route=%2Fwp%2Fv2%2Fcategories&post=4924"},{"taxonomy":"post_tag","embeddable":true,"href":"https:\/\/vagas.portalemprego.com.br\/index.php?rest_route=%2Fwp%2Fv2%2Ftags&post=4924"}],"curies":[{"name":"wp","href":"https:\/\/api.w.org\/{rel}","templated":true}]}}