{"id":4928,"date":"2026-04-29T06:16:16","date_gmt":"2026-04-29T09:16:16","guid":{"rendered":"https:\/\/vagas.portalemprego.com.br\/?p=4928"},"modified":"2026-04-29T06:16:16","modified_gmt":"2026-04-29T09:16:16","slug":"operador-de-maquinas-industrial-producao-fabrica-conceicao-de-macabu","status":"publish","type":"post","link":"https:\/\/vagas.portalemprego.com.br\/?p=4928","title":{"rendered":"Operador de M\u00e1quinas &#8211; Industrial, Produ\u00e7\u00e3o, F\u00e1brica &#8211; Concei\u00e7\u00e3o de Macabu"},"content":{"rendered":"<p>Estamos em busca de um Operador de Retroescaveira para se juntar ao nosso time na Fiel Turismo. Buscamos profissionais com experi\u00eancia de 1 a 3 anos comprovada na opera\u00e7\u00e3o de retroescavadeira.<br \/>\nBuscamos um perfil comunicativo, pr\u00f3-ativo, que tenha facil acesso a comunica\u00e7\u00e3o, dar e receber informa\u00e7\u00f5es.<br \/>\nSexo masculino.<br \/>\nResidir em Concei\u00e7\u00e3o de Macabu.<\/p>\n<ul>\n<li>Local de trabalho: Concei\u00e7\u00e3o de Macabu, RJ<\/li>\n<li>Regime de contrata\u00e7\u00e3o de tipo: Efetivo \u2013 CLT<\/li>\n<li>Jornada: Per\u00edodo Integral<\/li>\n<li>\u00c1rea e especializa\u00e7\u00e3o profissional: Industrial, Produ\u00e7\u00e3o, F\u00e1brica &#8211; Operador de M\u00e1quinas<\/li>\n<li>N\u00edvel hier\u00e1rquico: Operacional<\/li>\n<\/ul>\n<p>Escolaridade M\u00ednima: Ensino Fundamental (1\u00ba grau)<\/p>\n<p>Sal\u00e1rio: 18000,0<\/p>\n","protected":false},"excerpt":{"rendered":"<p>Estamos em busca de um Operador de Retroescaveira para se juntar ao nosso time na Fiel Turismo. Buscamos profissionais com experi\u00eancia de 1 a 3 anos comprovada na opera\u00e7\u00e3o de retroescavadeira. Buscamos um perfil comunicativo, pr\u00f3-ativo, que tenha facil acesso a comunica\u00e7\u00e3o, dar e receber informa\u00e7\u00f5es. Sexo masculino. Residir em Concei\u00e7\u00e3o de Macabu. Local de [&hellip;]<\/p>\n","protected":false},"author":1,"featured_media":0,"comment_status":"open","ping_status":"open","sticky":false,"template":"","format":"standard","meta":{"footnotes":""},"categories":[21],"tags":[],"class_list":["post-4928","post","type-post","status-publish","format-standard","hentry","category-rio-de-janeiro-rj"],"_links":{"self":[{"href":"https:\/\/vagas.portalemprego.com.br\/index.php?rest_route=\/wp\/v2\/posts\/4928","targetHints":{"allow":["GET"]}}],"collection":[{"href":"https:\/\/vagas.portalemprego.com.br\/index.php?rest_route=\/wp\/v2\/posts"}],"about":[{"href":"https:\/\/vagas.portalemprego.com.br\/index.php?rest_route=\/wp\/v2\/types\/post"}],"author":[{"embeddable":true,"href":"https:\/\/vagas.portalemprego.com.br\/index.php?rest_route=\/wp\/v2\/users\/1"}],"replies":[{"embeddable":true,"href":"https:\/\/vagas.portalemprego.com.br\/index.php?rest_route=%2Fwp%2Fv2%2Fcomments&post=4928"}],"version-history":[{"count":0,"href":"https:\/\/vagas.portalemprego.com.br\/index.php?rest_route=\/wp\/v2\/posts\/4928\/revisions"}],"wp:attachment":[{"href":"https:\/\/vagas.portalemprego.com.br\/index.php?rest_route=%2Fwp%2Fv2%2Fmedia&parent=4928"}],"wp:term":[{"taxonomy":"category","embeddable":true,"href":"https:\/\/vagas.portalemprego.com.br\/index.php?rest_route=%2Fwp%2Fv2%2Fcategories&post=4928"},{"taxonomy":"post_tag","embeddable":true,"href":"https:\/\/vagas.portalemprego.com.br\/index.php?rest_route=%2Fwp%2Fv2%2Ftags&post=4928"}],"curies":[{"name":"wp","href":"https:\/\/api.w.org\/{rel}","templated":true}]}}