{"id":4929,"date":"2026-04-29T06:16:16","date_gmt":"2026-04-29T09:16:16","guid":{"rendered":"https:\/\/vagas.portalemprego.com.br\/?p=4929"},"modified":"2026-04-29T06:16:16","modified_gmt":"2026-04-29T09:16:16","slug":"atendente-comercial-comercial-vendas-rio-das-ostras","status":"publish","type":"post","link":"https:\/\/vagas.portalemprego.com.br\/?p=4929","title":{"rendered":"Atendente Comercial &#8211; Comercial, Vendas &#8211; Rio das Ostras"},"content":{"rendered":"<p>O Grupo Seres em parceria com empresa do segmento de Saneamento, busca profissionais para atuar como Atendente Comercial.<br \/>\nAtividades:<br \/>\nAnalisar o v\u00ednculo do cliente e negociar d\u00e9bitos dentro dos limites definidos, sinalizando aos gestores quando necess\u00e1rio, visando a regulariza\u00e7\u00e3o e o recebimento de valores devidos;<br \/>\nEncaminhar as demandas dos clientes aos setores respons\u00e1veis, utilizando ordens de servi\u00e7o ou outros meios, para garantir a devida resolu\u00e7\u00e3o;<br \/>\nRealizar atendimentos ao cliente por diversos canais (telefone, presencial, itinerante, digital ou projetos espec\u00edficos), registrando as informa\u00e7\u00f5es no sistema e buscando manter a carteira de clientes, garantindo a qualidade e a satisfa\u00e7\u00e3o com os servi\u00e7os prestados;<br \/>\nRealizar atualiza\u00e7\u00f5es cadastrais de clientes bem como registros de reclama\u00e7\u00f5es, elogios e\/ou sugest\u00f5es, atrav\u00e9s do sistema, visando \u00e0 preserva\u00e7\u00e3o da imagem da Concession\u00e1ria e satisfa\u00e7\u00e3o dos usu\u00e1rios;<br \/>\nSeguir o script de atendimento estabelecido, incluindo o direcionamento para pesquisas de satisfa\u00e7\u00e3o por meios eletr\u00f4nicos ou formul\u00e1rios.<br \/>\nRequisitos:<br \/>\nEnsino m\u00e9dio completo;<br \/>\nViv\u00eancia na \u00e1rea administrativa.<br \/>\nJornada de trabalho:<br \/>\nSeg. a quinta 08h at\u00e9 18h e sexta 08h at\u00e9 17h.<br \/>\nLocal:<br \/>\nRio das Ostras\/RJ.<\/p>\n<ul>\n<li>Local de trabalho: Rio das Ostras, RJ<\/li>\n<li>Regime de contrata\u00e7\u00e3o de tipo: Tempor\u00e1rio<\/li>\n<li>Jornada: Per\u00edodo Integral<\/li>\n<li>\u00c1rea e especializa\u00e7\u00e3o profissional: Comercial, Vendas &#8211; Atendimento<\/li>\n<li>N\u00edvel hier\u00e1rquico: Operacional<\/li>\n<\/ul>\n<p>Escolaridade M\u00ednima: Ensino M\u00e9dio (2\u00ba Grau)<\/p>\n<ul>\n<li>Vale-transporte<\/li>\n<li>Vale-refei\u00e7\u00e3o<\/li>\n<\/ul>\n","protected":false},"excerpt":{"rendered":"<p>O Grupo Seres em parceria com empresa do segmento de Saneamento, busca profissionais para atuar como Atendente Comercial. Atividades: Analisar o v\u00ednculo do cliente e negociar d\u00e9bitos dentro dos limites definidos, sinalizando aos gestores quando necess\u00e1rio, visando a regulariza\u00e7\u00e3o e o recebimento de valores devidos; Encaminhar as demandas dos clientes aos setores respons\u00e1veis, utilizando ordens [&hellip;]<\/p>\n","protected":false},"author":1,"featured_media":0,"comment_status":"open","ping_status":"open","sticky":false,"template":"","format":"standard","meta":{"footnotes":""},"categories":[21],"tags":[],"class_list":["post-4929","post","type-post","status-publish","format-standard","hentry","category-rio-de-janeiro-rj"],"_links":{"self":[{"href":"https:\/\/vagas.portalemprego.com.br\/index.php?rest_route=\/wp\/v2\/posts\/4929","targetHints":{"allow":["GET"]}}],"collection":[{"href":"https:\/\/vagas.portalemprego.com.br\/index.php?rest_route=\/wp\/v2\/posts"}],"about":[{"href":"https:\/\/vagas.portalemprego.com.br\/index.php?rest_route=\/wp\/v2\/types\/post"}],"author":[{"embeddable":true,"href":"https:\/\/vagas.portalemprego.com.br\/index.php?rest_route=\/wp\/v2\/users\/1"}],"replies":[{"embeddable":true,"href":"https:\/\/vagas.portalemprego.com.br\/index.php?rest_route=%2Fwp%2Fv2%2Fcomments&post=4929"}],"version-history":[{"count":0,"href":"https:\/\/vagas.portalemprego.com.br\/index.php?rest_route=\/wp\/v2\/posts\/4929\/revisions"}],"wp:attachment":[{"href":"https:\/\/vagas.portalemprego.com.br\/index.php?rest_route=%2Fwp%2Fv2%2Fmedia&parent=4929"}],"wp:term":[{"taxonomy":"category","embeddable":true,"href":"https:\/\/vagas.portalemprego.com.br\/index.php?rest_route=%2Fwp%2Fv2%2Fcategories&post=4929"},{"taxonomy":"post_tag","embeddable":true,"href":"https:\/\/vagas.portalemprego.com.br\/index.php?rest_route=%2Fwp%2Fv2%2Ftags&post=4929"}],"curies":[{"name":"wp","href":"https:\/\/api.w.org\/{rel}","templated":true}]}}