{"id":4935,"date":"2026-04-29T06:16:16","date_gmt":"2026-04-29T09:16:16","guid":{"rendered":"https:\/\/vagas.portalemprego.com.br\/?p=4935"},"modified":"2026-04-29T06:16:16","modified_gmt":"2026-04-29T09:16:16","slug":"auxiliar-de-logistica-carga-e-descarga-modalidade-eventual-logistica-rio-de-janeiro","status":"publish","type":"post","link":"https:\/\/vagas.portalemprego.com.br\/?p=4935","title":{"rendered":"Auxiliar de log\u00edstica &#8211; carga e descarga -Modalidade Eventual &#8211; Log\u00edstica &#8211; Rio de Janeiro"},"content":{"rendered":"<p>Estamos em busca de um Repositor de Supermercado para se juntar ao nosso time de Eventuais na Gi Group.<br \/>\nEste \u00e9 um papel fundamental para garantir que nossos corredores estejam sempre abastecidos e que a experi\u00eancia do cliente seja a melhor poss\u00edvel.<br \/>\nO Repositor de Supermercado \u00e9 respons\u00e1vel por garantir que os produtos estejam organizados, rotulados e dispon\u00edveis para os clientes.<br \/>\nVoc\u00ea ser\u00e1 o respons\u00e1vel por organizar e abastecer os corredores do supermercado, garantir que os produtos estejam em ordem e que as prateleiras estejam sempre cheias.<br \/>\nAuxiliar\u00a0cliente\u00a0embalar\u00a0e\u00a0ensacar\u00a0mercadorias\u00a0no\u00a0caixa.<br \/>\nAl\u00e9m disso, voc\u00ea dever\u00e1 garantir que tudo esteja limpo e arrumado.<br \/>\nVoc\u00ea deve ter aten\u00e7\u00e3o aos detalhes, ser organizado e ter uma boa atitude para trabalhar em equipe.<br \/>\n\u00c9 importante que voc\u00ea tenha uma boa comunica\u00e7\u00e3o com os colegas de trabalho e com os clientes, sempre com um sorriso no rosto e pronto para ajudar.<\/p>\n<p>Junte-se a n\u00f3s e fa\u00e7a parte de uma equipe que se preocupa com a satisfa\u00e7\u00e3o do cliente e com a organiza\u00e7\u00e3o do supermercado.<br \/>\nVenha contribuir para que nossos clientes tenham sempre uma experi\u00eancia de compra agrad\u00e1vel e satisfat\u00f3ria.<br \/>\nA Gi Group \u00e9 uma empresa que acredita no potencial de cada um de seus colaboradores e oferece oportunidades de desenvolvimento profissional.<br \/>\nSe voc\u00ea est\u00e1 procurando um trabalho que combine responsabilidade e desafio, esta \u00e9 a chance para voc\u00ea.<br \/>\nAguardamos seu interesse e ansiamos para ter voc\u00ea em nossa equipe.<\/p>\n<ul>\n<li>N\u00famero de vagas: 10<\/li>\n<li>Local de trabalho: Rio de Janeiro, RJ<\/li>\n<li>Regime de contrata\u00e7\u00e3o de tipo: Aut\u00f4nomo<\/li>\n<li>Jornada: Per\u00edodo Integral<\/li>\n<li>\u00c1rea e especializa\u00e7\u00e3o profissional: Log\u00edstica &#8211; Estoque, Armazenagem, Dep\u00f3sito<\/li>\n<li>N\u00edvel hier\u00e1rquico: Operacional<\/li>\n<\/ul>\n<p>Escolaridade M\u00ednima: Ensino M\u00e9dio (2\u00ba Grau)<\/p>\n<p>Sal\u00e1rio: 130,0<\/p>\n","protected":false},"excerpt":{"rendered":"<p>Estamos em busca de um Repositor de Supermercado para se juntar ao nosso time de Eventuais na Gi Group. Este \u00e9 um papel fundamental para garantir que nossos corredores estejam sempre abastecidos e que a experi\u00eancia do cliente seja a melhor poss\u00edvel. O Repositor de Supermercado \u00e9 respons\u00e1vel por garantir que os produtos estejam organizados, [&hellip;]<\/p>\n","protected":false},"author":1,"featured_media":0,"comment_status":"open","ping_status":"open","sticky":false,"template":"","format":"standard","meta":{"footnotes":""},"categories":[21],"tags":[],"class_list":["post-4935","post","type-post","status-publish","format-standard","hentry","category-rio-de-janeiro-rj"],"_links":{"self":[{"href":"https:\/\/vagas.portalemprego.com.br\/index.php?rest_route=\/wp\/v2\/posts\/4935","targetHints":{"allow":["GET"]}}],"collection":[{"href":"https:\/\/vagas.portalemprego.com.br\/index.php?rest_route=\/wp\/v2\/posts"}],"about":[{"href":"https:\/\/vagas.portalemprego.com.br\/index.php?rest_route=\/wp\/v2\/types\/post"}],"author":[{"embeddable":true,"href":"https:\/\/vagas.portalemprego.com.br\/index.php?rest_route=\/wp\/v2\/users\/1"}],"replies":[{"embeddable":true,"href":"https:\/\/vagas.portalemprego.com.br\/index.php?rest_route=%2Fwp%2Fv2%2Fcomments&post=4935"}],"version-history":[{"count":0,"href":"https:\/\/vagas.portalemprego.com.br\/index.php?rest_route=\/wp\/v2\/posts\/4935\/revisions"}],"wp:attachment":[{"href":"https:\/\/vagas.portalemprego.com.br\/index.php?rest_route=%2Fwp%2Fv2%2Fmedia&parent=4935"}],"wp:term":[{"taxonomy":"category","embeddable":true,"href":"https:\/\/vagas.portalemprego.com.br\/index.php?rest_route=%2Fwp%2Fv2%2Fcategories&post=4935"},{"taxonomy":"post_tag","embeddable":true,"href":"https:\/\/vagas.portalemprego.com.br\/index.php?rest_route=%2Fwp%2Fv2%2Ftags&post=4935"}],"curies":[{"name":"wp","href":"https:\/\/api.w.org\/{rel}","templated":true}]}}