{"id":4936,"date":"2026-04-29T06:16:16","date_gmt":"2026-04-29T09:16:16","guid":{"rendered":"https:\/\/vagas.portalemprego.com.br\/?p=4936"},"modified":"2026-04-29T06:16:16","modified_gmt":"2026-04-29T09:16:16","slug":"assistente-de-coleta-logistica-sao-joao-de-meriti","status":"publish","type":"post","link":"https:\/\/vagas.portalemprego.com.br\/?p=4936","title":{"rendered":"Assistente de Coleta &#8211; Log\u00edstica &#8211; S\u00e3o Jo\u00e3o de Meriti"},"content":{"rendered":"<p>Oportunidade de Carreira em ATIVA LOGISTICA<br \/>\nEstamos em busca de um Assistente de Coleta.<br \/>\nSe voc\u00ea tem experi\u00eancia na fun\u00e7\u00e3o, boa comunica\u00e7\u00e3o, proatividade, com senso de urg\u00eancia e organiza\u00e7\u00e3o, esta \u00e9 a oportunidade ideal para voc\u00ea.<br \/>\nDescri\u00e7\u00e3o das Atividades<br \/>\nPrestar assist\u00eancia \u00e0s atividades de coleta, desde a emiss\u00e3o at\u00e9 a efetiva\u00e7\u00e3o das mesmas, delegando coletas para ve\u00edculos na rota.<br \/>\nEmitir ordens de coleta e comandar as coletas por meio do sistema;<br \/>\nRealizar o acompanhamento das coletas via sistema, garantindo o cumprimento dos prazos estabelecidos;<br \/>\nGerar romaneios de entrega, assegurando a correta confer\u00eancia das informa\u00e7\u00f5es;<br \/>\nMonitorar as coletas at\u00e9 sua efetiva conclus\u00e3o, reportando eventuais diverg\u00eancias ou intercorr\u00eancias \u00e0 lideran\u00e7a.<br \/>\nRequisitos:<br \/>\nDesej\u00e1vel experi\u00eancia na fun\u00e7\u00e3o.<br \/>\nConhecimento em rotas do Rio de Janeiro.<br \/>\nBoa comunica\u00e7\u00e3o verbal, com capacidade de interagir efetivamente com os motoristas.<br \/>\nBenef\u00edcios:<br \/>\n&#8211; Telemedicina<br \/>\n&#8211; Assist\u00eancia odontol\u00f3gica;<br \/>\n&#8211; Vale-transporte;<br \/>\n&#8211; Vale refei\u00e7\u00e3o;<br \/>\n&#8211; Vale alimenta\u00e7\u00e3o;<br \/>\n&#8211; Seguro de Vida;<br \/>\n&#8211; TotalPass<br \/>\nJunte-se \u00e0 ATIVA LOGISTICA e fa\u00e7a parte de uma equipe comprometida com a excel\u00eancia em log\u00edstica e atendimento ao cliente.<\/p>\n<ul>\n<li>Local de trabalho: S\u00e3o Jo\u00e3o de Meriti, RJ<\/li>\n<li>Regime de contrata\u00e7\u00e3o de tipo: Efetivo \u2013 CLT<\/li>\n<li>Jornada: Per\u00edodo Integral<\/li>\n<li>\u00c1rea e especializa\u00e7\u00e3o profissional: Log\u00edstica &#8211; Rotas<\/li>\n<li>N\u00edvel hier\u00e1rquico: Assistente<\/li>\n<\/ul>\n<p>Escolaridade M\u00ednima: Ensino M\u00e9dio (2\u00ba Grau)<\/p>\n","protected":false},"excerpt":{"rendered":"<p>Oportunidade de Carreira em ATIVA LOGISTICA Estamos em busca de um Assistente de Coleta. Se voc\u00ea tem experi\u00eancia na fun\u00e7\u00e3o, boa comunica\u00e7\u00e3o, proatividade, com senso de urg\u00eancia e organiza\u00e7\u00e3o, esta \u00e9 a oportunidade ideal para voc\u00ea. Descri\u00e7\u00e3o das Atividades Prestar assist\u00eancia \u00e0s atividades de coleta, desde a emiss\u00e3o at\u00e9 a efetiva\u00e7\u00e3o das mesmas, delegando coletas [&hellip;]<\/p>\n","protected":false},"author":1,"featured_media":0,"comment_status":"open","ping_status":"open","sticky":false,"template":"","format":"standard","meta":{"footnotes":""},"categories":[21],"tags":[],"class_list":["post-4936","post","type-post","status-publish","format-standard","hentry","category-rio-de-janeiro-rj"],"_links":{"self":[{"href":"https:\/\/vagas.portalemprego.com.br\/index.php?rest_route=\/wp\/v2\/posts\/4936","targetHints":{"allow":["GET"]}}],"collection":[{"href":"https:\/\/vagas.portalemprego.com.br\/index.php?rest_route=\/wp\/v2\/posts"}],"about":[{"href":"https:\/\/vagas.portalemprego.com.br\/index.php?rest_route=\/wp\/v2\/types\/post"}],"author":[{"embeddable":true,"href":"https:\/\/vagas.portalemprego.com.br\/index.php?rest_route=\/wp\/v2\/users\/1"}],"replies":[{"embeddable":true,"href":"https:\/\/vagas.portalemprego.com.br\/index.php?rest_route=%2Fwp%2Fv2%2Fcomments&post=4936"}],"version-history":[{"count":0,"href":"https:\/\/vagas.portalemprego.com.br\/index.php?rest_route=\/wp\/v2\/posts\/4936\/revisions"}],"wp:attachment":[{"href":"https:\/\/vagas.portalemprego.com.br\/index.php?rest_route=%2Fwp%2Fv2%2Fmedia&parent=4936"}],"wp:term":[{"taxonomy":"category","embeddable":true,"href":"https:\/\/vagas.portalemprego.com.br\/index.php?rest_route=%2Fwp%2Fv2%2Fcategories&post=4936"},{"taxonomy":"post_tag","embeddable":true,"href":"https:\/\/vagas.portalemprego.com.br\/index.php?rest_route=%2Fwp%2Fv2%2Ftags&post=4936"}],"curies":[{"name":"wp","href":"https:\/\/api.w.org\/{rel}","templated":true}]}}