{"id":4942,"date":"2026-04-29T06:17:17","date_gmt":"2026-04-29T09:17:17","guid":{"rendered":"https:\/\/vagas.portalemprego.com.br\/?p=4942"},"modified":"2026-04-29T06:17:17","modified_gmt":"2026-04-29T09:17:17","slug":"enfermeiro-estomaterapeuta-saude-petropolis","status":"publish","type":"post","link":"https:\/\/vagas.portalemprego.com.br\/?p=4942","title":{"rendered":"ENFERMEIRO ESTOMATERAPEUTA &#8211; Sa\u00fade &#8211; Petr\u00f3polis"},"content":{"rendered":"<p>Prestar assist\u00eancia ao paciente, acompanhando e registrando cuidados e procedimentos prestados.<br \/>\nCuidados com estomias (bolsas de ostomia), feridas (agudas e cr\u00f4nicas, como \u00falceras e queimaduras) e incontin\u00eancias (urin\u00e1ria e fecal), atuando na preven\u00e7\u00e3o, tratamento, reabilita\u00e7\u00e3o e educa\u00e7\u00e3o de pacientes e familiares, visando melhorar a qualidade de vida e a autonomia, lidando tamb\u00e9m com o impacto psicoemocional dessas condi\u00e7\u00f5es, e podendo gerenciar materiais e protocolos de cuidado.<\/p>\n<ul>\n<li>Local de trabalho: Petr\u00f3polis, RJ<\/li>\n<li>Regime de contrata\u00e7\u00e3o de tipo: Efetivo \u2013 CLT<\/li>\n<li>Jornada: Per\u00edodo Integral<\/li>\n<li>\u00c1rea e especializa\u00e7\u00e3o profissional: Sa\u00fade &#8211; Enfermagem<\/li>\n<li>N\u00edvel hier\u00e1rquico: Especialista<\/li>\n<\/ul>\n<p>Escolaridade M\u00ednima: P\u00f3s-gradua\u00e7\u00e3o &#8211; Especializa\u00e7\u00e3o\/MBA<\/p>\n","protected":false},"excerpt":{"rendered":"<p>Prestar assist\u00eancia ao paciente, acompanhando e registrando cuidados e procedimentos prestados. Cuidados com estomias (bolsas de ostomia), feridas (agudas e cr\u00f4nicas, como \u00falceras e queimaduras) e incontin\u00eancias (urin\u00e1ria e fecal), atuando na preven\u00e7\u00e3o, tratamento, reabilita\u00e7\u00e3o e educa\u00e7\u00e3o de pacientes e familiares, visando melhorar a qualidade de vida e a autonomia, lidando tamb\u00e9m com o impacto [&hellip;]<\/p>\n","protected":false},"author":1,"featured_media":0,"comment_status":"open","ping_status":"open","sticky":false,"template":"","format":"standard","meta":{"footnotes":""},"categories":[21],"tags":[],"class_list":["post-4942","post","type-post","status-publish","format-standard","hentry","category-rio-de-janeiro-rj"],"_links":{"self":[{"href":"https:\/\/vagas.portalemprego.com.br\/index.php?rest_route=\/wp\/v2\/posts\/4942","targetHints":{"allow":["GET"]}}],"collection":[{"href":"https:\/\/vagas.portalemprego.com.br\/index.php?rest_route=\/wp\/v2\/posts"}],"about":[{"href":"https:\/\/vagas.portalemprego.com.br\/index.php?rest_route=\/wp\/v2\/types\/post"}],"author":[{"embeddable":true,"href":"https:\/\/vagas.portalemprego.com.br\/index.php?rest_route=\/wp\/v2\/users\/1"}],"replies":[{"embeddable":true,"href":"https:\/\/vagas.portalemprego.com.br\/index.php?rest_route=%2Fwp%2Fv2%2Fcomments&post=4942"}],"version-history":[{"count":0,"href":"https:\/\/vagas.portalemprego.com.br\/index.php?rest_route=\/wp\/v2\/posts\/4942\/revisions"}],"wp:attachment":[{"href":"https:\/\/vagas.portalemprego.com.br\/index.php?rest_route=%2Fwp%2Fv2%2Fmedia&parent=4942"}],"wp:term":[{"taxonomy":"category","embeddable":true,"href":"https:\/\/vagas.portalemprego.com.br\/index.php?rest_route=%2Fwp%2Fv2%2Fcategories&post=4942"},{"taxonomy":"post_tag","embeddable":true,"href":"https:\/\/vagas.portalemprego.com.br\/index.php?rest_route=%2Fwp%2Fv2%2Ftags&post=4942"}],"curies":[{"name":"wp","href":"https:\/\/api.w.org\/{rel}","templated":true}]}}