{"id":4945,"date":"2026-04-29T06:17:17","date_gmt":"2026-04-29T09:17:17","guid":{"rendered":"https:\/\/vagas.portalemprego.com.br\/?p=4945"},"modified":"2026-04-29T06:17:17","modified_gmt":"2026-04-29T09:17:17","slug":"auxiliar-de-cozinha-recreio-alimentacao-gastronomia-rio-de-janeiro-3","status":"publish","type":"post","link":"https:\/\/vagas.portalemprego.com.br\/?p=4945","title":{"rendered":"Auxiliar de cozinha &#8211; Recreio &#8211; Alimenta\u00e7\u00e3o \/ Gastronomia &#8211; Rio de Janeiro"},"content":{"rendered":"<p>Vaga \u2013 Auxiliar de Cozinha (Recreio &#8211; RJ)<br \/>\nEstamos em busca de um(a) Auxiliar de Cozinha para atuar no apoio \u00e0s rotinas operacionais, garantindo organiza\u00e7\u00e3o, higiene e agilidade no preparo dos alimentos. Procuramos algu\u00e9m comprometido, respons\u00e1vel e com disponibilidade para trabalhar em diferentes turnos.<br \/>\nSal\u00e1rio: R$ 1.599,28<br \/>\nEscala: 5&#215;2<br \/>\nHor\u00e1rios dispon\u00edveis:<br \/>\n\u2022 1\u00ba turno: 10h \u00e0s 19h20<br \/>\n\u2022 2\u00ba turno: 18h \u00e0s 03h20<br \/>\nBenef\u00edcios:<br \/>\n\u2022 iFood Benef\u00edcios<br \/>\n\u2022 Plano de sa\u00fade ap\u00f3s 6 meses de casa<\/p>\n<ul>\n<li>Local de trabalho: Rio de Janeiro, RJ<\/li>\n<li>Regime de contrata\u00e7\u00e3o de tipo: Efetivo \u2013 CLT<\/li>\n<li>Jornada: Per\u00edodo Integral<\/li>\n<li>\u00c1rea e especializa\u00e7\u00e3o profissional: Alimenta\u00e7\u00e3o \/ Gastronomia &#8211; Cozinha<\/li>\n<li>N\u00edvel hier\u00e1rquico: Auxiliar<\/li>\n<\/ul>\n<p>Escolaridade M\u00ednima: Ensino M\u00e9dio (2\u00ba Grau)<\/p>\n<p>Sal\u00e1rio: 1599,28<\/p>\n","protected":false},"excerpt":{"rendered":"<p>Vaga \u2013 Auxiliar de Cozinha (Recreio &#8211; RJ) Estamos em busca de um(a) Auxiliar de Cozinha para atuar no apoio \u00e0s rotinas operacionais, garantindo organiza\u00e7\u00e3o, higiene e agilidade no preparo dos alimentos. Procuramos algu\u00e9m comprometido, respons\u00e1vel e com disponibilidade para trabalhar em diferentes turnos. Sal\u00e1rio: R$ 1.599,28 Escala: 5&#215;2 Hor\u00e1rios dispon\u00edveis: \u2022 1\u00ba turno: 10h [&hellip;]<\/p>\n","protected":false},"author":1,"featured_media":0,"comment_status":"open","ping_status":"open","sticky":false,"template":"","format":"standard","meta":{"footnotes":""},"categories":[21],"tags":[],"class_list":["post-4945","post","type-post","status-publish","format-standard","hentry","category-rio-de-janeiro-rj"],"_links":{"self":[{"href":"https:\/\/vagas.portalemprego.com.br\/index.php?rest_route=\/wp\/v2\/posts\/4945","targetHints":{"allow":["GET"]}}],"collection":[{"href":"https:\/\/vagas.portalemprego.com.br\/index.php?rest_route=\/wp\/v2\/posts"}],"about":[{"href":"https:\/\/vagas.portalemprego.com.br\/index.php?rest_route=\/wp\/v2\/types\/post"}],"author":[{"embeddable":true,"href":"https:\/\/vagas.portalemprego.com.br\/index.php?rest_route=\/wp\/v2\/users\/1"}],"replies":[{"embeddable":true,"href":"https:\/\/vagas.portalemprego.com.br\/index.php?rest_route=%2Fwp%2Fv2%2Fcomments&post=4945"}],"version-history":[{"count":0,"href":"https:\/\/vagas.portalemprego.com.br\/index.php?rest_route=\/wp\/v2\/posts\/4945\/revisions"}],"wp:attachment":[{"href":"https:\/\/vagas.portalemprego.com.br\/index.php?rest_route=%2Fwp%2Fv2%2Fmedia&parent=4945"}],"wp:term":[{"taxonomy":"category","embeddable":true,"href":"https:\/\/vagas.portalemprego.com.br\/index.php?rest_route=%2Fwp%2Fv2%2Fcategories&post=4945"},{"taxonomy":"post_tag","embeddable":true,"href":"https:\/\/vagas.portalemprego.com.br\/index.php?rest_route=%2Fwp%2Fv2%2Ftags&post=4945"}],"curies":[{"name":"wp","href":"https:\/\/api.w.org\/{rel}","templated":true}]}}