{"id":4946,"date":"2026-04-29T06:17:17","date_gmt":"2026-04-29T09:17:17","guid":{"rendered":"https:\/\/vagas.portalemprego.com.br\/?p=4946"},"modified":"2026-04-29T06:17:17","modified_gmt":"2026-04-29T09:17:17","slug":"estagio-contabilidade-contabil-financas-economia-rio-de-janeiro","status":"publish","type":"post","link":"https:\/\/vagas.portalemprego.com.br\/?p=4946","title":{"rendered":"Est\u00e1gio &#8211; Contabilidade &#8211; Cont\u00e1bil, Finan\u00e7as, Economia &#8211; Rio de Janeiro"},"content":{"rendered":"<p>Jornada: De segunda a sexta-feira, das 09h \u00e0s 16h, com 1h de intervalo<br \/>\nBolsa aux\u00edlio: R$ 1.050,00<br \/>\n Requisitos:<br \/>\nEstar cursando Ci\u00eancias Cont\u00e1beis, a partir do 3\u00ba per\u00edodo<br \/>\nConhecimento em Pacote Office<br \/>\nDesej\u00e1vel conhecimento no sistema Alterdata<br \/>\n Atividades:<br \/>\nApoio nas atividades do Departamento Cont\u00e1bil<br \/>\nClassifica\u00e7\u00e3o e an\u00e1lise dos movimentos cont\u00e1beis<br \/>\nAn\u00e1lise de contas e das demonstra\u00e7\u00f5es cont\u00e1beis<br \/>\nOrganiza\u00e7\u00e3o de documentos cont\u00e1beis<br \/>\nAtendimento a clientes via e-mail, telefone e plataforma de atendimento<br \/>\n Perfil desejado:<br \/>\nOrganiza\u00e7\u00e3o e aten\u00e7\u00e3o aos detalhes<br \/>\nInteresse em aprender e se desenvolver na \u00e1rea cont\u00e1bil<br \/>\nBoa comunica\u00e7\u00e3o e senso de responsabilidade<br \/>\nSobre a empresa:<br \/>\nSomos\u00a0um\u00a0escrit\u00f3rio\u00a0de\u00a0contabilidade\u00a0com\u00a0atua\u00e7\u00e3o\u00a0desde\u00a02007,\u00a0formado\u00a0por\u00a0profissionais\u00a0com\u00a0ampla\u00a0experi\u00eancia\u00a0de\u00a0mercado\u00a0e\u00a0foco\u00a0em\u00a0oferecer\u00a0solu\u00e7\u00f5es\u00a0cont\u00e1beis\u00a0consistentes,\u00a0\u00e1geis\u00a0e\u00a0diversificadas.<br \/>\nNosso\u00a0trabalho\u00a0vai\u00a0al\u00e9m\u00a0da\u00a0simples\u00a0contabiliza\u00e7\u00e3o\u00a0de\u00a0n\u00fameros:\u00a0buscamos\u00a0contribuir\u00a0ativamente\u00a0para\u00a0o\u00a0desenvolvimento\u00a0das\u00a0empresas,\u00a0entregando\u00a0solu\u00e7\u00f5es\u00a0com\u00a0qualidade,\u00a0sustentabilidade\u00a0e\u00a0compromisso\u00a0com\u00a0os\u00a0melhores\u00a0resultados.<br \/>\nAtuamos\u00a0sempre\u00a0guiados\u00a0por\u00a0nossos\u00a0valores:\u00a0\u00e9tica,\u00a0transpar\u00eancia,\u00a0comprometimento,\u00a0desenvolvimento\u00a0profissional\u00a0e\u00a0qualidade.<\/p>\n<ul>\n<li>Local de trabalho: Rio de Janeiro, RJ<\/li>\n<li>Regime de contrata\u00e7\u00e3o de tipo: Est\u00e1gio<\/li>\n<li>Jornada: Per\u00edodo Integral<\/li>\n<li>\u00c1rea e especializa\u00e7\u00e3o profissional: Cont\u00e1bil, Finan\u00e7as, Economia &#8211; Contabilidade<\/li>\n<li>N\u00edvel hier\u00e1rquico: Estagi\u00e1rio<\/li>\n<\/ul>\n<p>VALORIZADO<\/p>\n<p>Tempo de experi\u00eancia: Menos de 1 ano<\/p>\n<p>HABILIDADES<\/p>\n<ul>\n<li>Organiza\u00e7\u00e3o e aten\u00e7\u00e3o aos detalhes<\/li>\n<li>sistema Alterdata<\/li>\n<li>Pacote Office<\/li>\n<li>cursando Ci\u00eancias Cont\u00e1beis<\/li>\n<li>Interesse em aprender<\/li>\n<li>Boa comunica\u00e7\u00e3o<\/li>\n<li>senso de responsabilidade<\/li>\n<\/ul>\n<p>Escolaridade M\u00ednima: Ensino Superior<\/p>\n<p>Forma\u00e7\u00e3o desejada:<\/p>\n<ul>\n<li>Ci\u00eancias cont\u00e1beis, Ensino Superior<\/li>\n<\/ul>\n<p>Sal\u00e1rio: 1050,0<\/p>\n","protected":false},"excerpt":{"rendered":"<p>Jornada: De segunda a sexta-feira, das 09h \u00e0s 16h, com 1h de intervalo Bolsa aux\u00edlio: R$ 1.050,00 Requisitos: Estar cursando Ci\u00eancias Cont\u00e1beis, a partir do 3\u00ba per\u00edodo Conhecimento em Pacote Office Desej\u00e1vel conhecimento no sistema Alterdata Atividades: Apoio nas atividades do Departamento Cont\u00e1bil Classifica\u00e7\u00e3o e an\u00e1lise dos movimentos cont\u00e1beis An\u00e1lise de contas e das demonstra\u00e7\u00f5es [&hellip;]<\/p>\n","protected":false},"author":1,"featured_media":0,"comment_status":"open","ping_status":"open","sticky":false,"template":"","format":"standard","meta":{"footnotes":""},"categories":[21],"tags":[],"class_list":["post-4946","post","type-post","status-publish","format-standard","hentry","category-rio-de-janeiro-rj"],"_links":{"self":[{"href":"https:\/\/vagas.portalemprego.com.br\/index.php?rest_route=\/wp\/v2\/posts\/4946","targetHints":{"allow":["GET"]}}],"collection":[{"href":"https:\/\/vagas.portalemprego.com.br\/index.php?rest_route=\/wp\/v2\/posts"}],"about":[{"href":"https:\/\/vagas.portalemprego.com.br\/index.php?rest_route=\/wp\/v2\/types\/post"}],"author":[{"embeddable":true,"href":"https:\/\/vagas.portalemprego.com.br\/index.php?rest_route=\/wp\/v2\/users\/1"}],"replies":[{"embeddable":true,"href":"https:\/\/vagas.portalemprego.com.br\/index.php?rest_route=%2Fwp%2Fv2%2Fcomments&post=4946"}],"version-history":[{"count":0,"href":"https:\/\/vagas.portalemprego.com.br\/index.php?rest_route=\/wp\/v2\/posts\/4946\/revisions"}],"wp:attachment":[{"href":"https:\/\/vagas.portalemprego.com.br\/index.php?rest_route=%2Fwp%2Fv2%2Fmedia&parent=4946"}],"wp:term":[{"taxonomy":"category","embeddable":true,"href":"https:\/\/vagas.portalemprego.com.br\/index.php?rest_route=%2Fwp%2Fv2%2Fcategories&post=4946"},{"taxonomy":"post_tag","embeddable":true,"href":"https:\/\/vagas.portalemprego.com.br\/index.php?rest_route=%2Fwp%2Fv2%2Ftags&post=4946"}],"curies":[{"name":"wp","href":"https:\/\/api.w.org\/{rel}","templated":true}]}}